{"id":5043,"date":"2022-11-24T16:42:55","date_gmt":"2022-11-24T21:42:55","guid":{"rendered":"https:\/\/ccpdq.gob.ec\/?p=5043"},"modified":"2022-11-28T16:47:26","modified_gmt":"2022-11-28T21:47:26","slug":"caminata-en-rechazo-a-la-violencia-contra-la-mujer","status":"publish","type":"post","link":"https:\/\/ccpdq.gob.ec\/index.php\/2022\/11\/24\/caminata-en-rechazo-a-la-violencia-contra-la-mujer\/","title":{"rendered":"CAMINATA EN RECHAZO A LA VIOLENCIA CONTRA LA MUJER."},"content":{"rendered":"\n<p>Funcionarios del Consejo Cantonal de Protecci\u00f3n de Derechos de Quinind\u00e9 e integrantes de la Red de Mujeres contra la Violencia, participaron de la actividad organizada por el Sub Centro de Salud de la parroquia La Uni\u00f3n.<\/p>\n\n\n<div class=\"wp-block-image\">\n<figure class=\"alignleft size-large is-resized\"><img decoding=\"async\" src=\"https:\/\/ccpdq.gob.ec\/wp-content\/uploads\/2022\/11\/316950449_2742222279242339_5183242910900495671_n-1024x771.jpg\" alt=\"\" class=\"wp-image-5045\" width=\"254\" height=\"191\" srcset=\"https:\/\/ccpdq.gob.ec\/wp-content\/uploads\/2022\/11\/316950449_2742222279242339_5183242910900495671_n-1024x771.jpg 1024w, https:\/\/ccpdq.gob.ec\/wp-content\/uploads\/2022\/11\/316950449_2742222279242339_5183242910900495671_n-300x226.jpg 300w, https:\/\/ccpdq.gob.ec\/wp-content\/uploads\/2022\/11\/316950449_2742222279242339_5183242910900495671_n-768x578.jpg 768w, https:\/\/ccpdq.gob.ec\/wp-content\/uploads\/2022\/11\/316950449_2742222279242339_5183242910900495671_n-1536x1156.jpg 1536w, https:\/\/ccpdq.gob.ec\/wp-content\/uploads\/2022\/11\/316950449_2742222279242339_5183242910900495671_n.jpg 1600w\" sizes=\"(max-width: 254px) 100vw, 254px\" \/><\/figure><\/div>\n\n\n<p>El evento consisti\u00f3 en un recorrido por las principales calles llevando mensajes alusivos y de prevenci\u00f3n contra la Violencia, para luego culminar con una presentaci\u00f3n de stand y conferencias en los exteriores del Sub Centro.<\/p>\n\n\n\n<p>El colorido y la entrega de mensajes a la poblaci\u00f3n estuvieron las autoridades y estudiantes, de esta manera se estar\u00eda aportando a la campa\u00f1a para la eliminaci\u00f3n de la Violencia Contra la Mujer conmemoraci\u00f3n que se realiza los 25 de Noviembre de cada a\u00f1o.<\/p>\n\n\n<div class=\"wp-block-image\">\n<figure class=\"alignright size-large is-resized\"><img fetchpriority=\"high\" decoding=\"async\" src=\"https:\/\/ccpdq.gob.ec\/wp-content\/uploads\/2022\/11\/316959944_2742222305909003_4175957459768520482_n-1024x771.jpg\" alt=\"\" class=\"wp-image-5046\" width=\"326\" height=\"245\" srcset=\"https:\/\/ccpdq.gob.ec\/wp-content\/uploads\/2022\/11\/316959944_2742222305909003_4175957459768520482_n-1024x771.jpg 1024w, https:\/\/ccpdq.gob.ec\/wp-content\/uploads\/2022\/11\/316959944_2742222305909003_4175957459768520482_n-300x226.jpg 300w, https:\/\/ccpdq.gob.ec\/wp-content\/uploads\/2022\/11\/316959944_2742222305909003_4175957459768520482_n-768x578.jpg 768w, https:\/\/ccpdq.gob.ec\/wp-content\/uploads\/2022\/11\/316959944_2742222305909003_4175957459768520482_n-1536x1156.jpg 1536w, https:\/\/ccpdq.gob.ec\/wp-content\/uploads\/2022\/11\/316959944_2742222305909003_4175957459768520482_n.jpg 1600w\" sizes=\"(max-width: 326px) 100vw, 326px\" \/><\/figure><\/div>\n\n\n<p class=\"has-medium-font-size\"><strong>RR.PP. &#8211; CCPD-Q<\/strong><\/p>\n","protected":false},"excerpt":{"rendered":"<p>Funcionarios del Consejo Cantonal de Protecci\u00f3n de Derechos de Quinind\u00e9 e integrantes de la Red de Mujeres contra la Violencia, participaron de la actividad organizada por el Sub Centro de Salud de la parroquia La Uni\u00f3n. El evento consisti\u00f3 en un recorrido por las principales calles llevando mensajes alusivos y de prevenci\u00f3n contra la Violencia,&#8230;<\/p>\n","protected":false},"author":1,"featured_media":5044,"comment_status":"open","ping_status":"closed","sticky":false,"template":"","format":"standard","meta":{"_monsterinsights_skip_tracking":false,"_monsterinsights_sitenote_active":false,"_monsterinsights_sitenote_note":"","_monsterinsights_sitenote_category":0,"_kad_post_transparent":"","_kad_post_title":"","_kad_post_layout":"","_kad_post_sidebar_id":"","_kad_post_content_style":"","_kad_post_vertical_padding":"","_kad_post_feature":"","_kad_post_feature_position":"","_kad_post_header":false,"_kad_post_footer":false,"footnotes":""},"categories":[1],"tags":[],"class_list":["post-5043","post","type-post","status-publish","format-standard","has-post-thumbnail","hentry","category-noticias"],"aioseo_notices":[],"brizy_media":[],"_links":{"self":[{"href":"https:\/\/ccpdq.gob.ec\/index.php\/wp-json\/wp\/v2\/posts\/5043","targetHints":{"allow":["GET"]}}],"collection":[{"href":"https:\/\/ccpdq.gob.ec\/index.php\/wp-json\/wp\/v2\/posts"}],"about":[{"href":"https:\/\/ccpdq.gob.ec\/index.php\/wp-json\/wp\/v2\/types\/post"}],"author":[{"embeddable":true,"href":"https:\/\/ccpdq.gob.ec\/index.php\/wp-json\/wp\/v2\/users\/1"}],"replies":[{"embeddable":true,"href":"https:\/\/ccpdq.gob.ec\/index.php\/wp-json\/wp\/v2\/comments?post=5043"}],"version-history":[{"count":1,"href":"https:\/\/ccpdq.gob.ec\/index.php\/wp-json\/wp\/v2\/posts\/5043\/revisions"}],"predecessor-version":[{"id":5047,"href":"https:\/\/ccpdq.gob.ec\/index.php\/wp-json\/wp\/v2\/posts\/5043\/revisions\/5047"}],"wp:featuredmedia":[{"embeddable":true,"href":"https:\/\/ccpdq.gob.ec\/index.php\/wp-json\/wp\/v2\/media\/5044"}],"wp:attachment":[{"href":"https:\/\/ccpdq.gob.ec\/index.php\/wp-json\/wp\/v2\/media?parent=5043"}],"wp:term":[{"taxonomy":"category","embeddable":true,"href":"https:\/\/ccpdq.gob.ec\/index.php\/wp-json\/wp\/v2\/categories?post=5043"},{"taxonomy":"post_tag","embeddable":true,"href":"https:\/\/ccpdq.gob.ec\/index.php\/wp-json\/wp\/v2\/tags?post=5043"}],"curies":[{"name":"wp","href":"https:\/\/api.w.org\/{rel}","templated":true}]}}