{"id":5483,"date":"2022-12-09T09:58:30","date_gmt":"2022-12-09T14:58:30","guid":{"rendered":"https:\/\/ccpdq.gob.ec\/?p=5483"},"modified":"2022-12-27T10:07:46","modified_gmt":"2022-12-27T15:07:46","slug":"acreditacion-y-posesion-de-las-redes-ciudadanas-intergeneracionales-de-protrccion-de-derechos-quininde","status":"publish","type":"post","link":"https:\/\/ccpdq.gob.ec\/index.php\/2022\/12\/09\/acreditacion-y-posesion-de-las-redes-ciudadanas-intergeneracionales-de-protrccion-de-derechos-quininde\/","title":{"rendered":"<strong>ACREDITACI\u00d3N Y POSESI\u00d3N DE LAS REDES CIUDADANAS INTERGENERACIONALES DE PROTRCCI\u00d3N DE DERECHOS QUININD\u00c9.<\/strong>"},"content":{"rendered":"<div class=\"wp-block-image\">\n<figure class=\"alignright size-large is-resized\"><img fetchpriority=\"high\" decoding=\"async\" src=\"https:\/\/ccpdq.gob.ec\/wp-content\/uploads\/2022\/12\/319058889_2755241147940452_2670962028195115573_n-1024x682.jpg\" alt=\"\" class=\"wp-image-5487\" width=\"398\" height=\"265\" srcset=\"https:\/\/ccpdq.gob.ec\/wp-content\/uploads\/2022\/12\/319058889_2755241147940452_2670962028195115573_n-1024x682.jpg 1024w, https:\/\/ccpdq.gob.ec\/wp-content\/uploads\/2022\/12\/319058889_2755241147940452_2670962028195115573_n-300x200.jpg 300w, https:\/\/ccpdq.gob.ec\/wp-content\/uploads\/2022\/12\/319058889_2755241147940452_2670962028195115573_n-768x511.jpg 768w, https:\/\/ccpdq.gob.ec\/wp-content\/uploads\/2022\/12\/319058889_2755241147940452_2670962028195115573_n.jpg 1080w\" sizes=\"(max-width: 398px) 100vw, 398px\" \/><\/figure><\/div>\n\n\n<p>Acto que lo presidio el alcalde en calidad de presidente del CCPD-Q, abg. Carlos Barcia Molina junto al concejal Leonel Qui\u00f1onez entre otras autoridades, donde fueron acreditadas m\u00e1s de 200 personas de los diferentes sectores.<\/p>\n\n\n<div class=\"wp-block-image\">\n<figure class=\"alignleft size-large is-resized\"><img decoding=\"async\" src=\"https:\/\/ccpdq.gob.ec\/wp-content\/uploads\/2022\/12\/319325724_2755240371273863_5320585445660726009_n-1024x675.jpg\" alt=\"\" class=\"wp-image-5485\" width=\"288\" height=\"189\" srcset=\"https:\/\/ccpdq.gob.ec\/wp-content\/uploads\/2022\/12\/319325724_2755240371273863_5320585445660726009_n-1024x675.jpg 1024w, https:\/\/ccpdq.gob.ec\/wp-content\/uploads\/2022\/12\/319325724_2755240371273863_5320585445660726009_n-300x198.jpg 300w, https:\/\/ccpdq.gob.ec\/wp-content\/uploads\/2022\/12\/319325724_2755240371273863_5320585445660726009_n-768x506.jpg 768w, https:\/\/ccpdq.gob.ec\/wp-content\/uploads\/2022\/12\/319325724_2755240371273863_5320585445660726009_n.jpg 1079w\" sizes=\"(max-width: 288px) 100vw, 288px\" \/><\/figure><\/div>\n\n\n<p>En su intervenci\u00f3n el secretario ejecutivo Edwin Guagua Salazar agradeci\u00f3 el apoyo del alcalde que gracias a \u00e9l se pudo cristalizar este sue\u00f1o donde estar\u00e1n siendo parte m\u00e1s de 1.200 personas de los diferentes barrios y Parroquias.<\/p>\n\n\n\n<p>Alegr\u00eda, colorido y compromiso se pudo apreciar en este acto de posesi\u00f3n mismo que busca tener alertas en caso de vulneraci\u00f3n de derechos.<\/p>\n\n\n\n<p class=\"has-medium-font-size\"><strong><a href=\"https:\/\/www.youtube.com\/watch?v=MY56K0PGpIE\" target=\"_blank\" rel=\"noreferrer noopener\">VER VIDEO<\/a><\/strong><\/p>\n\n\n\n<p class=\"has-medium-font-size\"><strong>RR.PP. &#8211; CCPD-Q<\/strong><\/p>\n","protected":false},"excerpt":{"rendered":"<p>Acto que lo presidio el alcalde en calidad de presidente del CCPD-Q, abg. Carlos Barcia Molina junto al concejal Leonel Qui\u00f1onez entre otras autoridades, donde fueron acreditadas m\u00e1s de 200 personas de los diferentes sectores. En su intervenci\u00f3n el secretario ejecutivo Edwin Guagua Salazar agradeci\u00f3 el apoyo del alcalde que gracias a \u00e9l se pudo&#8230;<\/p>\n","protected":false},"author":1,"featured_media":5484,"comment_status":"open","ping_status":"closed","sticky":false,"template":"","format":"standard","meta":{"_monsterinsights_skip_tracking":false,"_monsterinsights_sitenote_active":false,"_monsterinsights_sitenote_note":"","_monsterinsights_sitenote_category":0,"_kad_post_transparent":"","_kad_post_title":"","_kad_post_layout":"","_kad_post_sidebar_id":"","_kad_post_content_style":"","_kad_post_vertical_padding":"","_kad_post_feature":"","_kad_post_feature_position":"","_kad_post_header":false,"_kad_post_footer":false,"footnotes":""},"categories":[1],"tags":[],"class_list":["post-5483","post","type-post","status-publish","format-standard","has-post-thumbnail","hentry","category-noticias"],"aioseo_notices":[],"brizy_media":[],"_links":{"self":[{"href":"https:\/\/ccpdq.gob.ec\/index.php\/wp-json\/wp\/v2\/posts\/5483","targetHints":{"allow":["GET"]}}],"collection":[{"href":"https:\/\/ccpdq.gob.ec\/index.php\/wp-json\/wp\/v2\/posts"}],"about":[{"href":"https:\/\/ccpdq.gob.ec\/index.php\/wp-json\/wp\/v2\/types\/post"}],"author":[{"embeddable":true,"href":"https:\/\/ccpdq.gob.ec\/index.php\/wp-json\/wp\/v2\/users\/1"}],"replies":[{"embeddable":true,"href":"https:\/\/ccpdq.gob.ec\/index.php\/wp-json\/wp\/v2\/comments?post=5483"}],"version-history":[{"count":1,"href":"https:\/\/ccpdq.gob.ec\/index.php\/wp-json\/wp\/v2\/posts\/5483\/revisions"}],"predecessor-version":[{"id":5488,"href":"https:\/\/ccpdq.gob.ec\/index.php\/wp-json\/wp\/v2\/posts\/5483\/revisions\/5488"}],"wp:featuredmedia":[{"embeddable":true,"href":"https:\/\/ccpdq.gob.ec\/index.php\/wp-json\/wp\/v2\/media\/5484"}],"wp:attachment":[{"href":"https:\/\/ccpdq.gob.ec\/index.php\/wp-json\/wp\/v2\/media?parent=5483"}],"wp:term":[{"taxonomy":"category","embeddable":true,"href":"https:\/\/ccpdq.gob.ec\/index.php\/wp-json\/wp\/v2\/categories?post=5483"},{"taxonomy":"post_tag","embeddable":true,"href":"https:\/\/ccpdq.gob.ec\/index.php\/wp-json\/wp\/v2\/tags?post=5483"}],"curies":[{"name":"wp","href":"https:\/\/api.w.org\/{rel}","templated":true}]}}