{"id":9563,"date":"2026-03-14T20:05:00","date_gmt":"2026-03-15T01:05:00","guid":{"rendered":"https:\/\/ccpdq.gob.ec\/?p=9563"},"modified":"2026-03-24T19:19:36","modified_gmt":"2026-03-25T00:19:36","slug":"conmemoracion-del-dia-mundial-de-las-personas-con-discapacidad","status":"publish","type":"post","link":"https:\/\/ccpdq.gob.ec\/index.php\/2026\/03\/14\/conmemoracion-del-dia-mundial-de-las-personas-con-discapacidad\/","title":{"rendered":"Conmemoraci\u00f3n del D\u00eda Mundial de las Personas con Discapacidad"},"content":{"rendered":"\n<p>El Consejo Cantonal de Protecci\u00f3n de Derechos liderado por el Abg. Ney Agust\u00edn Vilela Reina, particip\u00f3 junto a una comitiva institucional, en el evento organizado por el Patronato Municipal de Inclusi\u00f3n Social de Quinind\u00e9, donde se llev\u00f3 a cabo una entrega masiva de ayudas t\u00e9cnicas destinadas a los grupos de atenci\u00f3n prioritaria del cant\u00f3n.<\/p>\n\n\n\n<p>La jornada cont\u00f3 con la presencia del alcalde, Ing. Ronal Moreno; la Ing. Karina Nev\u00e1rez, presidenta de Damas del Voluntariado; as\u00ed como concejales, representantes de la Polic\u00eda Nacional, Cuerpo de Bomberos, Registro de la Propiedad y otras autoridades locales, quienes se sumaron a este importante acto de solidaridad y compromiso social.<\/p>\n\n\n\n<p>Desde la Alcald\u00eda Ciudadana de Quinind\u00e9 y el Consejo Cantonal de Protecci\u00f3n de Derechos, reafirmamos nuestra voluntad de continuar impulsando acciones que garanticen la inclusi\u00f3n, el acceso a servicios y el respeto integral de los derechos de las personas en situaci\u00f3n de vulnerabilidad.<\/p>\n\n\n\n<div class=\"wp-block-group\"><div class=\"wp-block-group__inner-container is-layout-constrained wp-block-group-is-layout-constrained\">\n<div class=\"wp-block-columns is-layout-flex wp-container-core-columns-is-layout-9d6595d7 wp-block-columns-is-layout-flex\">\n<div class=\"wp-block-column is-layout-flow wp-block-column-is-layout-flow\" style=\"flex-basis:100%\">\n<figure class=\"wp-block-gallery has-nested-images columns-default is-cropped wp-block-gallery-1 is-layout-flex wp-block-gallery-is-layout-flex\">\n<figure class=\"wp-block-image size-large\"><img fetchpriority=\"high\" decoding=\"async\" width=\"1024\" height=\"576\" data-id=\"9605\" src=\"https:\/\/ccpdq.gob.ec\/wp-content\/uploads\/2026\/03\/20-1-1024x576.jpg\" alt=\"\" class=\"wp-image-9605\" srcset=\"https:\/\/ccpdq.gob.ec\/wp-content\/uploads\/2026\/03\/20-1-1024x576.jpg 1024w, https:\/\/ccpdq.gob.ec\/wp-content\/uploads\/2026\/03\/20-1-300x169.jpg 300w, https:\/\/ccpdq.gob.ec\/wp-content\/uploads\/2026\/03\/20-1-768x432.jpg 768w, https:\/\/ccpdq.gob.ec\/wp-content\/uploads\/2026\/03\/20-1-1536x864.jpg 1536w, https:\/\/ccpdq.gob.ec\/wp-content\/uploads\/2026\/03\/20-1-2048x1152.jpg 2048w\" sizes=\"(max-width: 1024px) 100vw, 1024px\" \/><\/figure>\n<\/figure>\n<\/div>\n<\/div>\n<\/div><\/div>\n\n\n\n<figure class=\"wp-block-image size-large\"><img decoding=\"async\" width=\"1024\" height=\"576\" src=\"https:\/\/ccpdq.gob.ec\/wp-content\/uploads\/2026\/03\/32-2-1024x576.jpg\" alt=\"\" class=\"wp-image-9599\" srcset=\"https:\/\/ccpdq.gob.ec\/wp-content\/uploads\/2026\/03\/32-2-1024x576.jpg 1024w, https:\/\/ccpdq.gob.ec\/wp-content\/uploads\/2026\/03\/32-2-300x169.jpg 300w, https:\/\/ccpdq.gob.ec\/wp-content\/uploads\/2026\/03\/32-2-768x432.jpg 768w, https:\/\/ccpdq.gob.ec\/wp-content\/uploads\/2026\/03\/32-2-1536x864.jpg 1536w, https:\/\/ccpdq.gob.ec\/wp-content\/uploads\/2026\/03\/32-2-2048x1152.jpg 2048w\" sizes=\"(max-width: 1024px) 100vw, 1024px\" \/><\/figure>\n\n\n\n<figure class=\"wp-block-image size-large\"><img decoding=\"async\" width=\"1024\" height=\"576\" src=\"https:\/\/ccpdq.gob.ec\/wp-content\/uploads\/2026\/03\/29-1-1024x576.jpg\" alt=\"\" class=\"wp-image-9600\" srcset=\"https:\/\/ccpdq.gob.ec\/wp-content\/uploads\/2026\/03\/29-1-1024x576.jpg 1024w, https:\/\/ccpdq.gob.ec\/wp-content\/uploads\/2026\/03\/29-1-300x169.jpg 300w, https:\/\/ccpdq.gob.ec\/wp-content\/uploads\/2026\/03\/29-1-768x432.jpg 768w, https:\/\/ccpdq.gob.ec\/wp-content\/uploads\/2026\/03\/29-1-1536x864.jpg 1536w, https:\/\/ccpdq.gob.ec\/wp-content\/uploads\/2026\/03\/29-1-2048x1152.jpg 2048w\" sizes=\"(max-width: 1024px) 100vw, 1024px\" \/><\/figure>\n\n\n\n<figure class=\"wp-block-image size-large\"><img loading=\"lazy\" decoding=\"async\" width=\"1024\" height=\"576\" src=\"https:\/\/ccpdq.gob.ec\/wp-content\/uploads\/2026\/03\/13-1-1024x576.jpg\" alt=\"\" class=\"wp-image-9601\" srcset=\"https:\/\/ccpdq.gob.ec\/wp-content\/uploads\/2026\/03\/13-1-1024x576.jpg 1024w, https:\/\/ccpdq.gob.ec\/wp-content\/uploads\/2026\/03\/13-1-300x169.jpg 300w, https:\/\/ccpdq.gob.ec\/wp-content\/uploads\/2026\/03\/13-1-768x432.jpg 768w, https:\/\/ccpdq.gob.ec\/wp-content\/uploads\/2026\/03\/13-1-1536x864.jpg 1536w, https:\/\/ccpdq.gob.ec\/wp-content\/uploads\/2026\/03\/13-1-2048x1152.jpg 2048w\" sizes=\"(max-width: 1024px) 100vw, 1024px\" \/><\/figure>\n\n\n\n<figure class=\"wp-block-image size-large\"><img loading=\"lazy\" decoding=\"async\" width=\"1024\" height=\"576\" src=\"https:\/\/ccpdq.gob.ec\/wp-content\/uploads\/2026\/03\/6-1-1024x576.jpg\" alt=\"\" class=\"wp-image-9602\" srcset=\"https:\/\/ccpdq.gob.ec\/wp-content\/uploads\/2026\/03\/6-1-1024x576.jpg 1024w, https:\/\/ccpdq.gob.ec\/wp-content\/uploads\/2026\/03\/6-1-300x169.jpg 300w, https:\/\/ccpdq.gob.ec\/wp-content\/uploads\/2026\/03\/6-1-768x432.jpg 768w, https:\/\/ccpdq.gob.ec\/wp-content\/uploads\/2026\/03\/6-1-1536x864.jpg 1536w, https:\/\/ccpdq.gob.ec\/wp-content\/uploads\/2026\/03\/6-1-2048x1152.jpg 2048w\" sizes=\"(max-width: 1024px) 100vw, 1024px\" \/><\/figure>\n\n\n\n<figure class=\"wp-block-image size-large\"><img loading=\"lazy\" decoding=\"async\" width=\"1024\" height=\"576\" src=\"https:\/\/ccpdq.gob.ec\/wp-content\/uploads\/2026\/03\/17-1-1024x576.jpg\" alt=\"\" class=\"wp-image-9603\" srcset=\"https:\/\/ccpdq.gob.ec\/wp-content\/uploads\/2026\/03\/17-1-1024x576.jpg 1024w, https:\/\/ccpdq.gob.ec\/wp-content\/uploads\/2026\/03\/17-1-300x169.jpg 300w, https:\/\/ccpdq.gob.ec\/wp-content\/uploads\/2026\/03\/17-1-768x432.jpg 768w, https:\/\/ccpdq.gob.ec\/wp-content\/uploads\/2026\/03\/17-1-1536x864.jpg 1536w, https:\/\/ccpdq.gob.ec\/wp-content\/uploads\/2026\/03\/17-1-2048x1152.jpg 2048w\" sizes=\"(max-width: 1024px) 100vw, 1024px\" \/><\/figure>\n\n\n\n<figure class=\"wp-block-image size-large\"><img loading=\"lazy\" decoding=\"async\" width=\"1024\" height=\"576\" src=\"https:\/\/ccpdq.gob.ec\/wp-content\/uploads\/2026\/03\/22-1-1024x576.jpg\" alt=\"\" class=\"wp-image-9604\" srcset=\"https:\/\/ccpdq.gob.ec\/wp-content\/uploads\/2026\/03\/22-1-1024x576.jpg 1024w, https:\/\/ccpdq.gob.ec\/wp-content\/uploads\/2026\/03\/22-1-300x169.jpg 300w, https:\/\/ccpdq.gob.ec\/wp-content\/uploads\/2026\/03\/22-1-768x432.jpg 768w, https:\/\/ccpdq.gob.ec\/wp-content\/uploads\/2026\/03\/22-1-1536x864.jpg 1536w, https:\/\/ccpdq.gob.ec\/wp-content\/uploads\/2026\/03\/22-1-2048x1152.jpg 2048w\" sizes=\"(max-width: 1024px) 100vw, 1024px\" \/><\/figure>\n\n\n\n<figure class=\"wp-block-image size-large\"><img loading=\"lazy\" decoding=\"async\" width=\"1024\" height=\"576\" src=\"https:\/\/ccpdq.gob.ec\/wp-content\/uploads\/2026\/03\/26-2-1024x576.jpg\" alt=\"\" class=\"wp-image-9606\" srcset=\"https:\/\/ccpdq.gob.ec\/wp-content\/uploads\/2026\/03\/26-2-1024x576.jpg 1024w, https:\/\/ccpdq.gob.ec\/wp-content\/uploads\/2026\/03\/26-2-300x169.jpg 300w, https:\/\/ccpdq.gob.ec\/wp-content\/uploads\/2026\/03\/26-2-768x432.jpg 768w, https:\/\/ccpdq.gob.ec\/wp-content\/uploads\/2026\/03\/26-2-1536x864.jpg 1536w, https:\/\/ccpdq.gob.ec\/wp-content\/uploads\/2026\/03\/26-2-2048x1152.jpg 2048w\" sizes=\"(max-width: 1024px) 100vw, 1024px\" \/><\/figure>\n","protected":false},"excerpt":{"rendered":"<p>El Consejo Cantonal de Protecci\u00f3n de Derechos liderado por el Abg. Ney Agust\u00edn Vilela Reina, particip\u00f3 junto a una comitiva institucional, en el evento organizado por el Patronato Municipal de Inclusi\u00f3n Social de Quinind\u00e9, donde se llev\u00f3 a cabo una entrega masiva de ayudas t\u00e9cnicas destinadas a los grupos de atenci\u00f3n prioritaria del cant\u00f3n. La&#8230;<\/p>\n","protected":false},"author":1,"featured_media":9573,"comment_status":"open","ping_status":"closed","sticky":false,"template":"","format":"standard","meta":{"_monsterinsights_skip_tracking":false,"_monsterinsights_sitenote_active":false,"_monsterinsights_sitenote_note":"","_monsterinsights_sitenote_category":0,"_kad_post_transparent":"","_kad_post_title":"","_kad_post_layout":"","_kad_post_sidebar_id":"","_kad_post_content_style":"","_kad_post_vertical_padding":"","_kad_post_feature":"","_kad_post_feature_position":"","_kad_post_header":false,"_kad_post_footer":false,"footnotes":""},"categories":[1],"tags":[],"class_list":["post-9563","post","type-post","status-publish","format-standard","has-post-thumbnail","hentry","category-noticias"],"aioseo_notices":[],"brizy_media":[],"_links":{"self":[{"href":"https:\/\/ccpdq.gob.ec\/index.php\/wp-json\/wp\/v2\/posts\/9563","targetHints":{"allow":["GET"]}}],"collection":[{"href":"https:\/\/ccpdq.gob.ec\/index.php\/wp-json\/wp\/v2\/posts"}],"about":[{"href":"https:\/\/ccpdq.gob.ec\/index.php\/wp-json\/wp\/v2\/types\/post"}],"author":[{"embeddable":true,"href":"https:\/\/ccpdq.gob.ec\/index.php\/wp-json\/wp\/v2\/users\/1"}],"replies":[{"embeddable":true,"href":"https:\/\/ccpdq.gob.ec\/index.php\/wp-json\/wp\/v2\/comments?post=9563"}],"version-history":[{"count":1,"href":"https:\/\/ccpdq.gob.ec\/index.php\/wp-json\/wp\/v2\/posts\/9563\/revisions"}],"predecessor-version":[{"id":9607,"href":"https:\/\/ccpdq.gob.ec\/index.php\/wp-json\/wp\/v2\/posts\/9563\/revisions\/9607"}],"wp:featuredmedia":[{"embeddable":true,"href":"https:\/\/ccpdq.gob.ec\/index.php\/wp-json\/wp\/v2\/media\/9573"}],"wp:attachment":[{"href":"https:\/\/ccpdq.gob.ec\/index.php\/wp-json\/wp\/v2\/media?parent=9563"}],"wp:term":[{"taxonomy":"category","embeddable":true,"href":"https:\/\/ccpdq.gob.ec\/index.php\/wp-json\/wp\/v2\/categories?post=9563"},{"taxonomy":"post_tag","embeddable":true,"href":"https:\/\/ccpdq.gob.ec\/index.php\/wp-json\/wp\/v2\/tags?post=9563"}],"curies":[{"name":"wp","href":"https:\/\/api.w.org\/{rel}","templated":true}]}}