{"id":9608,"date":"2026-03-14T20:07:03","date_gmt":"2026-03-15T01:07:03","guid":{"rendered":"https:\/\/ccpdq.gob.ec\/?p=9608"},"modified":"2026-03-24T19:18:35","modified_gmt":"2026-03-25T00:18:35","slug":"10-de-diciembre-dia-de-los-derechos-humanos","status":"publish","type":"post","link":"https:\/\/ccpdq.gob.ec\/index.php\/2026\/03\/14\/10-de-diciembre-dia-de-los-derechos-humanos\/","title":{"rendered":"10 de Diciembre \u2013 D\u00eda de los Derechos Humanos"},"content":{"rendered":"\n<figure class=\"wp-block-image size-large\"><img fetchpriority=\"high\" decoding=\"async\" width=\"819\" height=\"1024\" src=\"https:\/\/ccpdq.gob.ec\/wp-content\/uploads\/2026\/03\/10dic-D-derechos-humanos-819x1024.jpg\" alt=\"\" class=\"wp-image-9609\" srcset=\"https:\/\/ccpdq.gob.ec\/wp-content\/uploads\/2026\/03\/10dic-D-derechos-humanos-819x1024.jpg 819w, https:\/\/ccpdq.gob.ec\/wp-content\/uploads\/2026\/03\/10dic-D-derechos-humanos-240x300.jpg 240w, https:\/\/ccpdq.gob.ec\/wp-content\/uploads\/2026\/03\/10dic-D-derechos-humanos-768x960.jpg 768w, https:\/\/ccpdq.gob.ec\/wp-content\/uploads\/2026\/03\/10dic-D-derechos-humanos.jpg 1080w\" sizes=\"(max-width: 819px) 100vw, 819px\" \/><\/figure>\n\n\n\n<p>Cada 10 de diciembre recordamos la proclamaci\u00f3n de la Declaraci\u00f3n Universal de los Derechos Humanos, un instrumento fundamental que reconoce la dignidad y libertad inherentes a todas las personas, sin distinci\u00f3n alguna.<\/p>\n\n\n\n<p>Desde la Alcald\u00eda Ciudadana de Quinind\u00e9 y el Consejo Cantonal de Protecci\u00f3n de Derechos, reafirmamos nuestro compromiso con la promoci\u00f3n, protecci\u00f3n y garant\u00eda de los derechos de ni\u00f1as, ni\u00f1os, adolescentes, mujeres, personas con discapacidad, adultos mayores y de todos los grupos de atenci\u00f3n prioritaria del cant\u00f3n.<\/p>\n\n\n\n<p>En este d\u00eda, renovamos nuestro llamado a la ciudadan\u00eda, instituciones y organizaciones a trabajar conjuntamente para construir una sociedad m\u00e1s justa, inclusiva y libre de discriminaci\u00f3n. Nuestra labor diaria est\u00e1 orientada a fortalecer el sistema de protecci\u00f3n, promover pol\u00edticas de igualdad y asegurar que cada persona pueda vivir con respeto, dignidad y oportunidades.<\/p>\n","protected":false},"excerpt":{"rendered":"<p>Cada 10 de diciembre recordamos la proclamaci\u00f3n de la Declaraci\u00f3n Universal de los Derechos Humanos, un instrumento fundamental que reconoce la dignidad y libertad inherentes a todas las personas, sin distinci\u00f3n alguna. Desde la Alcald\u00eda Ciudadana de Quinind\u00e9 y el Consejo Cantonal de Protecci\u00f3n de Derechos, reafirmamos nuestro compromiso con la promoci\u00f3n, protecci\u00f3n y garant\u00eda&#8230;<\/p>\n","protected":false},"author":1,"featured_media":9609,"comment_status":"open","ping_status":"closed","sticky":false,"template":"","format":"standard","meta":{"_monsterinsights_skip_tracking":false,"_monsterinsights_sitenote_active":false,"_monsterinsights_sitenote_note":"","_monsterinsights_sitenote_category":0,"_kad_post_transparent":"","_kad_post_title":"","_kad_post_layout":"","_kad_post_sidebar_id":"","_kad_post_content_style":"","_kad_post_vertical_padding":"","_kad_post_feature":"","_kad_post_feature_position":"","_kad_post_header":false,"_kad_post_footer":false,"footnotes":""},"categories":[1],"tags":[],"class_list":["post-9608","post","type-post","status-publish","format-standard","has-post-thumbnail","hentry","category-noticias"],"aioseo_notices":[],"brizy_media":[],"_links":{"self":[{"href":"https:\/\/ccpdq.gob.ec\/index.php\/wp-json\/wp\/v2\/posts\/9608","targetHints":{"allow":["GET"]}}],"collection":[{"href":"https:\/\/ccpdq.gob.ec\/index.php\/wp-json\/wp\/v2\/posts"}],"about":[{"href":"https:\/\/ccpdq.gob.ec\/index.php\/wp-json\/wp\/v2\/types\/post"}],"author":[{"embeddable":true,"href":"https:\/\/ccpdq.gob.ec\/index.php\/wp-json\/wp\/v2\/users\/1"}],"replies":[{"embeddable":true,"href":"https:\/\/ccpdq.gob.ec\/index.php\/wp-json\/wp\/v2\/comments?post=9608"}],"version-history":[{"count":1,"href":"https:\/\/ccpdq.gob.ec\/index.php\/wp-json\/wp\/v2\/posts\/9608\/revisions"}],"predecessor-version":[{"id":9610,"href":"https:\/\/ccpdq.gob.ec\/index.php\/wp-json\/wp\/v2\/posts\/9608\/revisions\/9610"}],"wp:featuredmedia":[{"embeddable":true,"href":"https:\/\/ccpdq.gob.ec\/index.php\/wp-json\/wp\/v2\/media\/9609"}],"wp:attachment":[{"href":"https:\/\/ccpdq.gob.ec\/index.php\/wp-json\/wp\/v2\/media?parent=9608"}],"wp:term":[{"taxonomy":"category","embeddable":true,"href":"https:\/\/ccpdq.gob.ec\/index.php\/wp-json\/wp\/v2\/categories?post=9608"},{"taxonomy":"post_tag","embeddable":true,"href":"https:\/\/ccpdq.gob.ec\/index.php\/wp-json\/wp\/v2\/tags?post=9608"}],"curies":[{"name":"wp","href":"https:\/\/api.w.org\/{rel}","templated":true}]}}