{"id":9611,"date":"2026-03-14T20:15:51","date_gmt":"2026-03-15T01:15:51","guid":{"rendered":"https:\/\/ccpdq.gob.ec\/?p=9611"},"modified":"2026-03-24T19:17:56","modified_gmt":"2026-03-25T00:17:56","slug":"quininde-caminando-por-una-sociedad-con-igualdad-respeto-y-dignidad-para-todas-y-todos","status":"publish","type":"post","link":"https:\/\/ccpdq.gob.ec\/index.php\/2026\/03\/14\/quininde-caminando-por-una-sociedad-con-igualdad-respeto-y-dignidad-para-todas-y-todos\/","title":{"rendered":"Quinind\u00e9 caminando por una sociedad con igualdad, respeto y dignidad para todas y todos"},"content":{"rendered":"\n<figure class=\"wp-block-image size-large\"><img fetchpriority=\"high\" decoding=\"async\" width=\"1024\" height=\"576\" src=\"https:\/\/ccpdq.gob.ec\/wp-content\/uploads\/2026\/03\/596623028_1523170066149156_4746790821688816532_n-1024x576.jpg\" alt=\"\" class=\"wp-image-9612\" srcset=\"https:\/\/ccpdq.gob.ec\/wp-content\/uploads\/2026\/03\/596623028_1523170066149156_4746790821688816532_n-1024x576.jpg 1024w, https:\/\/ccpdq.gob.ec\/wp-content\/uploads\/2026\/03\/596623028_1523170066149156_4746790821688816532_n-300x169.jpg 300w, https:\/\/ccpdq.gob.ec\/wp-content\/uploads\/2026\/03\/596623028_1523170066149156_4746790821688816532_n-768x432.jpg 768w, https:\/\/ccpdq.gob.ec\/wp-content\/uploads\/2026\/03\/596623028_1523170066149156_4746790821688816532_n-1536x864.jpg 1536w, https:\/\/ccpdq.gob.ec\/wp-content\/uploads\/2026\/03\/596623028_1523170066149156_4746790821688816532_n.jpg 2048w\" sizes=\"(max-width: 1024px) 100vw, 1024px\" \/><\/figure>\n\n\n\n<p>En conmemoraci\u00f3n del D\u00eda Internacional de los Derechos Humanos, la Alcald\u00eda Ciudadana de Quinind\u00e9, en coordinaci\u00f3n con Patronato Municipal, Consejo Cantonal de Protecci\u00f3n de Derechos y el apoyo del Ministerio de Educaci\u00f3n, organizaron una marcha c\u00edvica denominada \u201cCaminando por la Paz\u201d, un espacio de reflexi\u00f3n y uni\u00f3n ciudadana destinado a promover la igualdad, la paz, la inclusi\u00f3n y el respeto a la dignidad humana.<\/p>\n\n\n\n<p>La caminata cont\u00f3 con la presencia del alcalde, el Ing. Ronal Moreno; su esposa y presidenta del grupo Damas del Voluntariado, la Ing. Karina Nev\u00e1rez; la vicealcaldesa, Msc. Carmen Torres; concejales, autoridades locales y delegaciones de las instituciones educativas del cant\u00f3n; esta participaci\u00f3n articulada reafirma el compromiso con la inclusi\u00f3n, defensa, protecci\u00f3n y garant\u00eda de los derechos fundamentales de todas las personas.<\/p>\n\n\n\n<p>Desde el Consejo Cantonal de Protecci\u00f3n de Derechos, liderado por el Abg. Ney Vilela Reina, reafirmamos el deber de garantizar los derechos de ni\u00f1as, ni\u00f1os, adolescentes, mujeres, personas con discapacidad, adultos mayores y todos los grupos de atenci\u00f3n prioritaria, promoviendo pol\u00edticas de protecci\u00f3n, equidad e inclusi\u00f3n.<\/p>\n\n\n\n<p>Quinind\u00e9 trabaja hoy y SIEMPRE por la dignidad, la justicia y el respeto a los derechos humanos de todos.<\/p>\n\n\n\n<figure class=\"wp-block-image size-large\"><img decoding=\"async\" width=\"1024\" height=\"576\" src=\"https:\/\/ccpdq.gob.ec\/wp-content\/uploads\/2026\/03\/598816324_1523170242815805_7793690992342187950_n-1024x576.jpg\" alt=\"\" class=\"wp-image-9613\" srcset=\"https:\/\/ccpdq.gob.ec\/wp-content\/uploads\/2026\/03\/598816324_1523170242815805_7793690992342187950_n-1024x576.jpg 1024w, https:\/\/ccpdq.gob.ec\/wp-content\/uploads\/2026\/03\/598816324_1523170242815805_7793690992342187950_n-300x169.jpg 300w, https:\/\/ccpdq.gob.ec\/wp-content\/uploads\/2026\/03\/598816324_1523170242815805_7793690992342187950_n-768x432.jpg 768w, https:\/\/ccpdq.gob.ec\/wp-content\/uploads\/2026\/03\/598816324_1523170242815805_7793690992342187950_n-1536x864.jpg 1536w, https:\/\/ccpdq.gob.ec\/wp-content\/uploads\/2026\/03\/598816324_1523170242815805_7793690992342187950_n.jpg 2048w\" sizes=\"(max-width: 1024px) 100vw, 1024px\" \/><\/figure>\n\n\n\n<figure class=\"wp-block-image size-large\"><img decoding=\"async\" width=\"1024\" height=\"576\" src=\"https:\/\/ccpdq.gob.ec\/wp-content\/uploads\/2026\/03\/597566984_1523182442814585_2955021714873029005_n-1024x576.jpg\" alt=\"\" class=\"wp-image-9614\" srcset=\"https:\/\/ccpdq.gob.ec\/wp-content\/uploads\/2026\/03\/597566984_1523182442814585_2955021714873029005_n-1024x576.jpg 1024w, https:\/\/ccpdq.gob.ec\/wp-content\/uploads\/2026\/03\/597566984_1523182442814585_2955021714873029005_n-300x169.jpg 300w, https:\/\/ccpdq.gob.ec\/wp-content\/uploads\/2026\/03\/597566984_1523182442814585_2955021714873029005_n-768x432.jpg 768w, https:\/\/ccpdq.gob.ec\/wp-content\/uploads\/2026\/03\/597566984_1523182442814585_2955021714873029005_n-1536x864.jpg 1536w, https:\/\/ccpdq.gob.ec\/wp-content\/uploads\/2026\/03\/597566984_1523182442814585_2955021714873029005_n.jpg 2048w\" sizes=\"(max-width: 1024px) 100vw, 1024px\" \/><\/figure>\n\n\n\n<figure class=\"wp-block-image size-large\"><img loading=\"lazy\" decoding=\"async\" width=\"1024\" height=\"576\" src=\"https:\/\/ccpdq.gob.ec\/wp-content\/uploads\/2026\/03\/596548590_1523174816148681_1394280060395239481_n-1024x576.jpg\" alt=\"\" class=\"wp-image-9615\" srcset=\"https:\/\/ccpdq.gob.ec\/wp-content\/uploads\/2026\/03\/596548590_1523174816148681_1394280060395239481_n-1024x576.jpg 1024w, https:\/\/ccpdq.gob.ec\/wp-content\/uploads\/2026\/03\/596548590_1523174816148681_1394280060395239481_n-300x169.jpg 300w, https:\/\/ccpdq.gob.ec\/wp-content\/uploads\/2026\/03\/596548590_1523174816148681_1394280060395239481_n-768x432.jpg 768w, https:\/\/ccpdq.gob.ec\/wp-content\/uploads\/2026\/03\/596548590_1523174816148681_1394280060395239481_n-1536x864.jpg 1536w, https:\/\/ccpdq.gob.ec\/wp-content\/uploads\/2026\/03\/596548590_1523174816148681_1394280060395239481_n.jpg 2048w\" sizes=\"(max-width: 1024px) 100vw, 1024px\" \/><\/figure>\n\n\n\n<figure class=\"wp-block-image size-large\"><img loading=\"lazy\" decoding=\"async\" width=\"1024\" height=\"576\" src=\"https:\/\/ccpdq.gob.ec\/wp-content\/uploads\/2026\/03\/597584880_1523171132815716_1768908219343007593_n-1024x576.jpg\" alt=\"\" class=\"wp-image-9616\" srcset=\"https:\/\/ccpdq.gob.ec\/wp-content\/uploads\/2026\/03\/597584880_1523171132815716_1768908219343007593_n-1024x576.jpg 1024w, https:\/\/ccpdq.gob.ec\/wp-content\/uploads\/2026\/03\/597584880_1523171132815716_1768908219343007593_n-300x169.jpg 300w, https:\/\/ccpdq.gob.ec\/wp-content\/uploads\/2026\/03\/597584880_1523171132815716_1768908219343007593_n-768x432.jpg 768w, https:\/\/ccpdq.gob.ec\/wp-content\/uploads\/2026\/03\/597584880_1523171132815716_1768908219343007593_n-1536x864.jpg 1536w, https:\/\/ccpdq.gob.ec\/wp-content\/uploads\/2026\/03\/597584880_1523171132815716_1768908219343007593_n.jpg 2048w\" sizes=\"(max-width: 1024px) 100vw, 1024px\" \/><\/figure>\n\n\n\n<figure class=\"wp-block-image size-large\"><img loading=\"lazy\" decoding=\"async\" width=\"1024\" height=\"576\" src=\"https:\/\/ccpdq.gob.ec\/wp-content\/uploads\/2026\/03\/597440298_1523170779482418_3973621281670135275_n-1024x576.jpg\" alt=\"\" class=\"wp-image-9617\" srcset=\"https:\/\/ccpdq.gob.ec\/wp-content\/uploads\/2026\/03\/597440298_1523170779482418_3973621281670135275_n-1024x576.jpg 1024w, https:\/\/ccpdq.gob.ec\/wp-content\/uploads\/2026\/03\/597440298_1523170779482418_3973621281670135275_n-300x169.jpg 300w, https:\/\/ccpdq.gob.ec\/wp-content\/uploads\/2026\/03\/597440298_1523170779482418_3973621281670135275_n-768x432.jpg 768w, https:\/\/ccpdq.gob.ec\/wp-content\/uploads\/2026\/03\/597440298_1523170779482418_3973621281670135275_n-1536x864.jpg 1536w, https:\/\/ccpdq.gob.ec\/wp-content\/uploads\/2026\/03\/597440298_1523170779482418_3973621281670135275_n.jpg 2048w\" sizes=\"(max-width: 1024px) 100vw, 1024px\" \/><\/figure>\n\n\n\n<figure class=\"wp-block-image size-large\"><img loading=\"lazy\" decoding=\"async\" width=\"1024\" height=\"576\" src=\"https:\/\/ccpdq.gob.ec\/wp-content\/uploads\/2026\/03\/598124431_1523170842815745_5708223884452451049_n-1024x576.jpg\" alt=\"\" class=\"wp-image-9618\" srcset=\"https:\/\/ccpdq.gob.ec\/wp-content\/uploads\/2026\/03\/598124431_1523170842815745_5708223884452451049_n-1024x576.jpg 1024w, https:\/\/ccpdq.gob.ec\/wp-content\/uploads\/2026\/03\/598124431_1523170842815745_5708223884452451049_n-300x169.jpg 300w, https:\/\/ccpdq.gob.ec\/wp-content\/uploads\/2026\/03\/598124431_1523170842815745_5708223884452451049_n-768x432.jpg 768w, https:\/\/ccpdq.gob.ec\/wp-content\/uploads\/2026\/03\/598124431_1523170842815745_5708223884452451049_n-1536x864.jpg 1536w, https:\/\/ccpdq.gob.ec\/wp-content\/uploads\/2026\/03\/598124431_1523170842815745_5708223884452451049_n.jpg 2048w\" sizes=\"(max-width: 1024px) 100vw, 1024px\" \/><\/figure>\n\n\n\n<figure class=\"wp-block-image size-large\"><img loading=\"lazy\" decoding=\"async\" width=\"1024\" height=\"576\" src=\"https:\/\/ccpdq.gob.ec\/wp-content\/uploads\/2026\/03\/597794091_1523170896149073_6360830282208938144_n-1024x576.jpg\" alt=\"\" class=\"wp-image-9619\" srcset=\"https:\/\/ccpdq.gob.ec\/wp-content\/uploads\/2026\/03\/597794091_1523170896149073_6360830282208938144_n-1024x576.jpg 1024w, https:\/\/ccpdq.gob.ec\/wp-content\/uploads\/2026\/03\/597794091_1523170896149073_6360830282208938144_n-300x169.jpg 300w, https:\/\/ccpdq.gob.ec\/wp-content\/uploads\/2026\/03\/597794091_1523170896149073_6360830282208938144_n-768x432.jpg 768w, https:\/\/ccpdq.gob.ec\/wp-content\/uploads\/2026\/03\/597794091_1523170896149073_6360830282208938144_n-1536x864.jpg 1536w, https:\/\/ccpdq.gob.ec\/wp-content\/uploads\/2026\/03\/597794091_1523170896149073_6360830282208938144_n.jpg 2048w\" sizes=\"(max-width: 1024px) 100vw, 1024px\" \/><\/figure>\n","protected":false},"excerpt":{"rendered":"<p>En conmemoraci\u00f3n del D\u00eda Internacional de los Derechos Humanos, la Alcald\u00eda Ciudadana de Quinind\u00e9, en coordinaci\u00f3n con Patronato Municipal, Consejo Cantonal de Protecci\u00f3n de Derechos y el apoyo del Ministerio de Educaci\u00f3n, organizaron una marcha c\u00edvica denominada \u201cCaminando por la Paz\u201d, un espacio de reflexi\u00f3n y uni\u00f3n ciudadana destinado a promover la igualdad, la paz,&#8230;<\/p>\n","protected":false},"author":1,"featured_media":9614,"comment_status":"open","ping_status":"closed","sticky":false,"template":"","format":"standard","meta":{"_monsterinsights_skip_tracking":false,"_monsterinsights_sitenote_active":false,"_monsterinsights_sitenote_note":"","_monsterinsights_sitenote_category":0,"_kad_post_transparent":"","_kad_post_title":"","_kad_post_layout":"","_kad_post_sidebar_id":"","_kad_post_content_style":"","_kad_post_vertical_padding":"","_kad_post_feature":"","_kad_post_feature_position":"","_kad_post_header":false,"_kad_post_footer":false,"footnotes":""},"categories":[1],"tags":[],"class_list":["post-9611","post","type-post","status-publish","format-standard","has-post-thumbnail","hentry","category-noticias"],"aioseo_notices":[],"brizy_media":[],"_links":{"self":[{"href":"https:\/\/ccpdq.gob.ec\/index.php\/wp-json\/wp\/v2\/posts\/9611","targetHints":{"allow":["GET"]}}],"collection":[{"href":"https:\/\/ccpdq.gob.ec\/index.php\/wp-json\/wp\/v2\/posts"}],"about":[{"href":"https:\/\/ccpdq.gob.ec\/index.php\/wp-json\/wp\/v2\/types\/post"}],"author":[{"embeddable":true,"href":"https:\/\/ccpdq.gob.ec\/index.php\/wp-json\/wp\/v2\/users\/1"}],"replies":[{"embeddable":true,"href":"https:\/\/ccpdq.gob.ec\/index.php\/wp-json\/wp\/v2\/comments?post=9611"}],"version-history":[{"count":1,"href":"https:\/\/ccpdq.gob.ec\/index.php\/wp-json\/wp\/v2\/posts\/9611\/revisions"}],"predecessor-version":[{"id":9620,"href":"https:\/\/ccpdq.gob.ec\/index.php\/wp-json\/wp\/v2\/posts\/9611\/revisions\/9620"}],"wp:featuredmedia":[{"embeddable":true,"href":"https:\/\/ccpdq.gob.ec\/index.php\/wp-json\/wp\/v2\/media\/9614"}],"wp:attachment":[{"href":"https:\/\/ccpdq.gob.ec\/index.php\/wp-json\/wp\/v2\/media?parent=9611"}],"wp:term":[{"taxonomy":"category","embeddable":true,"href":"https:\/\/ccpdq.gob.ec\/index.php\/wp-json\/wp\/v2\/categories?post=9611"},{"taxonomy":"post_tag","embeddable":true,"href":"https:\/\/ccpdq.gob.ec\/index.php\/wp-json\/wp\/v2\/tags?post=9611"}],"curies":[{"name":"wp","href":"https:\/\/api.w.org\/{rel}","templated":true}]}}