{"id":9634,"date":"2026-03-14T20:23:56","date_gmt":"2026-03-15T01:23:56","guid":{"rendered":"https:\/\/ccpdq.gob.ec\/?p=9634"},"modified":"2026-03-24T19:16:38","modified_gmt":"2026-03-25T00:16:38","slug":"compromiso-en-la-educacion-con-enfoque-de-derechos-quininde-fortaleciendo-la-educacion-en-las-comunidades-chachis","status":"publish","type":"post","link":"https:\/\/ccpdq.gob.ec\/index.php\/2026\/03\/14\/compromiso-en-la-educacion-con-enfoque-de-derechos-quininde-fortaleciendo-la-educacion-en-las-comunidades-chachis\/","title":{"rendered":"Compromiso en la Educaci\u00f3n con Enfoque de Derechos, Quinind\u00e9 fortaleciendo la Educaci\u00f3n en las Comunidades Chachis"},"content":{"rendered":"\n<figure class=\"wp-block-image size-large\"><img fetchpriority=\"high\" decoding=\"async\" width=\"1024\" height=\"576\" src=\"https:\/\/ccpdq.gob.ec\/wp-content\/uploads\/2026\/03\/25-1-1024x576.jpg\" alt=\"\" class=\"wp-image-9638\" srcset=\"https:\/\/ccpdq.gob.ec\/wp-content\/uploads\/2026\/03\/25-1-1024x576.jpg 1024w, https:\/\/ccpdq.gob.ec\/wp-content\/uploads\/2026\/03\/25-1-300x169.jpg 300w, https:\/\/ccpdq.gob.ec\/wp-content\/uploads\/2026\/03\/25-1-768x432.jpg 768w, https:\/\/ccpdq.gob.ec\/wp-content\/uploads\/2026\/03\/25-1-1536x864.jpg 1536w, https:\/\/ccpdq.gob.ec\/wp-content\/uploads\/2026\/03\/25-1-2048x1152.jpg 2048w\" sizes=\"(max-width: 1024px) 100vw, 1024px\" \/><\/figure>\n\n\n\n<p>El Consejo Cantonal de Protecci\u00f3n de Derechos encabezado por el abg. Ney Agust\u00edn Vilela Reina, Secretario T\u00e9cnico; junto a Desarrollo Comunitario, Distrito de Educaci\u00f3n y el Consejo Consultivo de Pueblos y Nacionalidades; bajo la direcci\u00f3n de la Alcald\u00eda Ciudadana del Cant\u00f3n Quinind\u00e9, liderada por el Ing. Ronal Moreno, realizaron la entrega de certificados de las capacitaciones realizadas sobre el tema \u201cPREVENCI\u00d3N DEL CONSUMO DE SUSTANCIAS PSICOACTIVAS, VIOLENCIA INTRAFAMILIAR, VIOLENCIA SEXUAL, VIOLENCIA F\u00cdSICA Y PSICOL\u00d3GICA\u201d, a estudiantes de las unidades educativas de las Comunidades Chachis del cant\u00f3n, como son:<\/p>\n\n\n\n<p><img decoding=\"async\" height=\"16\" width=\"16\" alt=\"\u2705\" src=\"https:\/\/static.xx.fbcdn.net\/images\/emoji.php\/v9\/t33\/1\/16\/2705.png\">Unidad Educativa Comunitaria Intercultural Biling\u00fce \u00abLuz y Vida\u00bb<\/p>\n\n\n\n<p><img decoding=\"async\" height=\"16\" width=\"16\" alt=\"\u2705\" src=\"https:\/\/static.xx.fbcdn.net\/images\/emoji.php\/v9\/t33\/1\/16\/2705.png\">Unidad Educativa Comunitaria Intercultural Biling\u00fce \u00abR\u00edo Canand\u00e9\u00bb<\/p>\n\n\n\n<p><img decoding=\"async\" height=\"16\" width=\"16\" alt=\"\u2705\" src=\"https:\/\/static.xx.fbcdn.net\/images\/emoji.php\/v9\/t33\/1\/16\/2705.png\">Unidad Educativa Comunitaria Intercultural Biling\u00fce \u00abBatalla de Tarqui\u00bb<\/p>\n\n\n\n<p><img decoding=\"async\" height=\"16\" width=\"16\" alt=\"\u2705\" src=\"https:\/\/static.xx.fbcdn.net\/images\/emoji.php\/v9\/t33\/1\/16\/2705.png\">Unidad Educativa Comunitaria Intercultural Biling\u00fce \u00abIsabel de Santiago\u00bb<\/p>\n\n\n\n<p><img decoding=\"async\" height=\"16\" width=\"16\" alt=\"\u2705\" src=\"https:\/\/static.xx.fbcdn.net\/images\/emoji.php\/v9\/t33\/1\/16\/2705.png\">Centro Educativo Comunitario Intercultural Biling\u00fce \u00abTSUTA\u00bb<\/p>\n\n\n\n<p>Esta actividad reconoci\u00f3 el esfuerzo, la constancia y el compromiso de ni\u00f1as, ni\u00f1os y adolescentes en su proceso formativo, valorando adem\u00e1s la riqueza cultural y el aporte de las comunidades chachis al desarrollo del cant\u00f3n. La jornada se desarroll\u00f3 en un ambiente de respeto, integraci\u00f3n y fortalecimiento de la identidad intercultural.<\/p>\n\n\n\n<p>Desde el Consejo Cantonal de Protecci\u00f3n de Derechos, bajo la direcci\u00f3n del Abg. Ney Agust\u00edn Vilela Reina, se reafirma el compromiso de continuar trabajando de manera articulada con las instituciones locales para promover el acceso a una educaci\u00f3n inclusiva, intercultural y con enfoque de derechos, garantizando el bienestar y la participaci\u00f3n activa de la ni\u00f1ez y adolescencia en las comunidades ancestrales de Quinind\u00e9.<\/p>\n\n\n\n<figure class=\"wp-block-image size-large\"><img decoding=\"async\" width=\"1024\" height=\"576\" src=\"https:\/\/ccpdq.gob.ec\/wp-content\/uploads\/2026\/03\/17-2-1024x576.jpg\" alt=\"\" class=\"wp-image-9636\" srcset=\"https:\/\/ccpdq.gob.ec\/wp-content\/uploads\/2026\/03\/17-2-1024x576.jpg 1024w, https:\/\/ccpdq.gob.ec\/wp-content\/uploads\/2026\/03\/17-2-300x169.jpg 300w, https:\/\/ccpdq.gob.ec\/wp-content\/uploads\/2026\/03\/17-2-768x432.jpg 768w, https:\/\/ccpdq.gob.ec\/wp-content\/uploads\/2026\/03\/17-2-1536x864.jpg 1536w, https:\/\/ccpdq.gob.ec\/wp-content\/uploads\/2026\/03\/17-2-2048x1152.jpg 2048w\" sizes=\"(max-width: 1024px) 100vw, 1024px\" \/><\/figure>\n\n\n\n<figure class=\"wp-block-image size-large\"><img loading=\"lazy\" decoding=\"async\" width=\"1024\" height=\"576\" src=\"https:\/\/ccpdq.gob.ec\/wp-content\/uploads\/2026\/03\/13-2-1024x576.jpg\" alt=\"\" class=\"wp-image-9637\" srcset=\"https:\/\/ccpdq.gob.ec\/wp-content\/uploads\/2026\/03\/13-2-1024x576.jpg 1024w, https:\/\/ccpdq.gob.ec\/wp-content\/uploads\/2026\/03\/13-2-300x169.jpg 300w, https:\/\/ccpdq.gob.ec\/wp-content\/uploads\/2026\/03\/13-2-768x432.jpg 768w, https:\/\/ccpdq.gob.ec\/wp-content\/uploads\/2026\/03\/13-2-1536x864.jpg 1536w, https:\/\/ccpdq.gob.ec\/wp-content\/uploads\/2026\/03\/13-2-2048x1152.jpg 2048w\" sizes=\"(max-width: 1024px) 100vw, 1024px\" \/><\/figure>\n\n\n\n<figure class=\"wp-block-image size-large\"><img loading=\"lazy\" decoding=\"async\" width=\"1024\" height=\"576\" src=\"https:\/\/ccpdq.gob.ec\/wp-content\/uploads\/2026\/03\/22-2-1024x576.jpg\" alt=\"\" class=\"wp-image-9639\" srcset=\"https:\/\/ccpdq.gob.ec\/wp-content\/uploads\/2026\/03\/22-2-1024x576.jpg 1024w, https:\/\/ccpdq.gob.ec\/wp-content\/uploads\/2026\/03\/22-2-300x169.jpg 300w, https:\/\/ccpdq.gob.ec\/wp-content\/uploads\/2026\/03\/22-2-768x432.jpg 768w, https:\/\/ccpdq.gob.ec\/wp-content\/uploads\/2026\/03\/22-2-1536x864.jpg 1536w, https:\/\/ccpdq.gob.ec\/wp-content\/uploads\/2026\/03\/22-2-2048x1152.jpg 2048w\" sizes=\"(max-width: 1024px) 100vw, 1024px\" \/><\/figure>\n\n\n\n<figure class=\"wp-block-image size-large\"><img loading=\"lazy\" decoding=\"async\" width=\"1024\" height=\"576\" src=\"https:\/\/ccpdq.gob.ec\/wp-content\/uploads\/2026\/03\/16-1-1024x576.jpg\" alt=\"\" class=\"wp-image-9635\" srcset=\"https:\/\/ccpdq.gob.ec\/wp-content\/uploads\/2026\/03\/16-1-1024x576.jpg 1024w, https:\/\/ccpdq.gob.ec\/wp-content\/uploads\/2026\/03\/16-1-300x169.jpg 300w, https:\/\/ccpdq.gob.ec\/wp-content\/uploads\/2026\/03\/16-1-768x432.jpg 768w, https:\/\/ccpdq.gob.ec\/wp-content\/uploads\/2026\/03\/16-1-1536x864.jpg 1536w, https:\/\/ccpdq.gob.ec\/wp-content\/uploads\/2026\/03\/16-1-2048x1152.jpg 2048w\" sizes=\"(max-width: 1024px) 100vw, 1024px\" \/><\/figure>\n\n\n\n<figure class=\"wp-block-image size-large\"><img loading=\"lazy\" decoding=\"async\" width=\"1024\" height=\"576\" src=\"https:\/\/ccpdq.gob.ec\/wp-content\/uploads\/2026\/03\/42-1024x576.jpg\" alt=\"\" class=\"wp-image-9641\" srcset=\"https:\/\/ccpdq.gob.ec\/wp-content\/uploads\/2026\/03\/42-1024x576.jpg 1024w, https:\/\/ccpdq.gob.ec\/wp-content\/uploads\/2026\/03\/42-300x169.jpg 300w, https:\/\/ccpdq.gob.ec\/wp-content\/uploads\/2026\/03\/42-768x432.jpg 768w, https:\/\/ccpdq.gob.ec\/wp-content\/uploads\/2026\/03\/42-1536x864.jpg 1536w, https:\/\/ccpdq.gob.ec\/wp-content\/uploads\/2026\/03\/42-2048x1152.jpg 2048w\" sizes=\"(max-width: 1024px) 100vw, 1024px\" \/><\/figure>\n\n\n\n<figure class=\"wp-block-image size-large\"><img loading=\"lazy\" decoding=\"async\" width=\"1024\" height=\"576\" src=\"https:\/\/ccpdq.gob.ec\/wp-content\/uploads\/2026\/03\/44-1024x576.jpg\" alt=\"\" class=\"wp-image-9642\" srcset=\"https:\/\/ccpdq.gob.ec\/wp-content\/uploads\/2026\/03\/44-1024x576.jpg 1024w, https:\/\/ccpdq.gob.ec\/wp-content\/uploads\/2026\/03\/44-300x169.jpg 300w, https:\/\/ccpdq.gob.ec\/wp-content\/uploads\/2026\/03\/44-768x432.jpg 768w, https:\/\/ccpdq.gob.ec\/wp-content\/uploads\/2026\/03\/44-1536x864.jpg 1536w, https:\/\/ccpdq.gob.ec\/wp-content\/uploads\/2026\/03\/44-2048x1152.jpg 2048w\" sizes=\"(max-width: 1024px) 100vw, 1024px\" \/><\/figure>\n\n\n\n<figure class=\"wp-block-image size-large\"><img loading=\"lazy\" decoding=\"async\" width=\"1024\" height=\"576\" src=\"https:\/\/ccpdq.gob.ec\/wp-content\/uploads\/2026\/03\/34-1024x576.jpg\" alt=\"\" class=\"wp-image-9643\" srcset=\"https:\/\/ccpdq.gob.ec\/wp-content\/uploads\/2026\/03\/34-1024x576.jpg 1024w, https:\/\/ccpdq.gob.ec\/wp-content\/uploads\/2026\/03\/34-300x169.jpg 300w, https:\/\/ccpdq.gob.ec\/wp-content\/uploads\/2026\/03\/34-768x432.jpg 768w, https:\/\/ccpdq.gob.ec\/wp-content\/uploads\/2026\/03\/34-1536x864.jpg 1536w, https:\/\/ccpdq.gob.ec\/wp-content\/uploads\/2026\/03\/34-2048x1152.jpg 2048w\" sizes=\"(max-width: 1024px) 100vw, 1024px\" \/><\/figure>\n\n\n\n<figure class=\"wp-block-image size-large\"><img loading=\"lazy\" decoding=\"async\" width=\"1024\" height=\"576\" src=\"https:\/\/ccpdq.gob.ec\/wp-content\/uploads\/2026\/03\/33-1-1024x576.jpg\" alt=\"\" class=\"wp-image-9644\" srcset=\"https:\/\/ccpdq.gob.ec\/wp-content\/uploads\/2026\/03\/33-1-1024x576.jpg 1024w, https:\/\/ccpdq.gob.ec\/wp-content\/uploads\/2026\/03\/33-1-300x169.jpg 300w, https:\/\/ccpdq.gob.ec\/wp-content\/uploads\/2026\/03\/33-1-768x432.jpg 768w, https:\/\/ccpdq.gob.ec\/wp-content\/uploads\/2026\/03\/33-1-1536x864.jpg 1536w, https:\/\/ccpdq.gob.ec\/wp-content\/uploads\/2026\/03\/33-1-2048x1152.jpg 2048w\" sizes=\"(max-width: 1024px) 100vw, 1024px\" \/><\/figure>\n\n\n\n<figure class=\"wp-block-image size-large\"><img loading=\"lazy\" decoding=\"async\" width=\"1024\" height=\"576\" src=\"https:\/\/ccpdq.gob.ec\/wp-content\/uploads\/2026\/03\/20-2-1024x576.jpg\" alt=\"\" class=\"wp-image-9645\" srcset=\"https:\/\/ccpdq.gob.ec\/wp-content\/uploads\/2026\/03\/20-2-1024x576.jpg 1024w, https:\/\/ccpdq.gob.ec\/wp-content\/uploads\/2026\/03\/20-2-300x169.jpg 300w, https:\/\/ccpdq.gob.ec\/wp-content\/uploads\/2026\/03\/20-2-768x432.jpg 768w, https:\/\/ccpdq.gob.ec\/wp-content\/uploads\/2026\/03\/20-2-1536x864.jpg 1536w, https:\/\/ccpdq.gob.ec\/wp-content\/uploads\/2026\/03\/20-2-2048x1152.jpg 2048w\" sizes=\"(max-width: 1024px) 100vw, 1024px\" \/><\/figure>\n\n\n\n<figure class=\"wp-block-image size-large\"><img loading=\"lazy\" decoding=\"async\" width=\"1024\" height=\"576\" src=\"https:\/\/ccpdq.gob.ec\/wp-content\/uploads\/2026\/03\/6-3-1024x576.jpg\" alt=\"\" class=\"wp-image-9646\" srcset=\"https:\/\/ccpdq.gob.ec\/wp-content\/uploads\/2026\/03\/6-3-1024x576.jpg 1024w, https:\/\/ccpdq.gob.ec\/wp-content\/uploads\/2026\/03\/6-3-300x169.jpg 300w, https:\/\/ccpdq.gob.ec\/wp-content\/uploads\/2026\/03\/6-3-768x432.jpg 768w, https:\/\/ccpdq.gob.ec\/wp-content\/uploads\/2026\/03\/6-3-1536x864.jpg 1536w, https:\/\/ccpdq.gob.ec\/wp-content\/uploads\/2026\/03\/6-3-2048x1152.jpg 2048w\" sizes=\"(max-width: 1024px) 100vw, 1024px\" \/><\/figure>\n","protected":false},"excerpt":{"rendered":"<p>El Consejo Cantonal de Protecci\u00f3n de Derechos encabezado por el abg. Ney Agust\u00edn Vilela Reina, Secretario T\u00e9cnico; junto a Desarrollo Comunitario, Distrito de Educaci\u00f3n y el Consejo Consultivo de Pueblos y Nacionalidades; bajo la direcci\u00f3n de la Alcald\u00eda Ciudadana del Cant\u00f3n Quinind\u00e9, liderada por el Ing. Ronal Moreno, realizaron la entrega de certificados de las&#8230;<\/p>\n","protected":false},"author":1,"featured_media":9644,"comment_status":"open","ping_status":"closed","sticky":false,"template":"","format":"standard","meta":{"_monsterinsights_skip_tracking":false,"_monsterinsights_sitenote_active":false,"_monsterinsights_sitenote_note":"","_monsterinsights_sitenote_category":0,"_kad_post_transparent":"","_kad_post_title":"","_kad_post_layout":"","_kad_post_sidebar_id":"","_kad_post_content_style":"","_kad_post_vertical_padding":"","_kad_post_feature":"","_kad_post_feature_position":"","_kad_post_header":false,"_kad_post_footer":false,"footnotes":""},"categories":[1],"tags":[],"class_list":["post-9634","post","type-post","status-publish","format-standard","has-post-thumbnail","hentry","category-noticias"],"aioseo_notices":[],"brizy_media":[],"_links":{"self":[{"href":"https:\/\/ccpdq.gob.ec\/index.php\/wp-json\/wp\/v2\/posts\/9634","targetHints":{"allow":["GET"]}}],"collection":[{"href":"https:\/\/ccpdq.gob.ec\/index.php\/wp-json\/wp\/v2\/posts"}],"about":[{"href":"https:\/\/ccpdq.gob.ec\/index.php\/wp-json\/wp\/v2\/types\/post"}],"author":[{"embeddable":true,"href":"https:\/\/ccpdq.gob.ec\/index.php\/wp-json\/wp\/v2\/users\/1"}],"replies":[{"embeddable":true,"href":"https:\/\/ccpdq.gob.ec\/index.php\/wp-json\/wp\/v2\/comments?post=9634"}],"version-history":[{"count":1,"href":"https:\/\/ccpdq.gob.ec\/index.php\/wp-json\/wp\/v2\/posts\/9634\/revisions"}],"predecessor-version":[{"id":9647,"href":"https:\/\/ccpdq.gob.ec\/index.php\/wp-json\/wp\/v2\/posts\/9634\/revisions\/9647"}],"wp:featuredmedia":[{"embeddable":true,"href":"https:\/\/ccpdq.gob.ec\/index.php\/wp-json\/wp\/v2\/media\/9644"}],"wp:attachment":[{"href":"https:\/\/ccpdq.gob.ec\/index.php\/wp-json\/wp\/v2\/media?parent=9634"}],"wp:term":[{"taxonomy":"category","embeddable":true,"href":"https:\/\/ccpdq.gob.ec\/index.php\/wp-json\/wp\/v2\/categories?post=9634"},{"taxonomy":"post_tag","embeddable":true,"href":"https:\/\/ccpdq.gob.ec\/index.php\/wp-json\/wp\/v2\/tags?post=9634"}],"curies":[{"name":"wp","href":"https:\/\/api.w.org\/{rel}","templated":true}]}}