{"id":9670,"date":"2026-03-14T20:38:13","date_gmt":"2026-03-15T01:38:13","guid":{"rendered":"https:\/\/ccpdq.gob.ec\/?p=9670"},"modified":"2026-03-24T19:13:26","modified_gmt":"2026-03-25T00:13:26","slug":"hacia-la-firma-de-un-convenio-interinstitucional-por-la-proteccion-de-derechos","status":"publish","type":"post","link":"https:\/\/ccpdq.gob.ec\/index.php\/2026\/03\/14\/hacia-la-firma-de-un-convenio-interinstitucional-por-la-proteccion-de-derechos\/","title":{"rendered":"HACIA LA FIRMA DE UN CONVENIO INTERINSTITUCIONAL POR LA PROTECCI\u00d3N DE DERECHOS"},"content":{"rendered":"\n<figure class=\"wp-block-image size-large\"><img fetchpriority=\"high\" decoding=\"async\" width=\"819\" height=\"1024\" src=\"https:\/\/ccpdq.gob.ec\/wp-content\/uploads\/2026\/03\/1-CONVENIO-QUITU-RAYMI-RODDNA-819x1024.jpg\" alt=\"\" class=\"wp-image-9671\" srcset=\"https:\/\/ccpdq.gob.ec\/wp-content\/uploads\/2026\/03\/1-CONVENIO-QUITU-RAYMI-RODDNA-819x1024.jpg 819w, https:\/\/ccpdq.gob.ec\/wp-content\/uploads\/2026\/03\/1-CONVENIO-QUITU-RAYMI-RODDNA-240x300.jpg 240w, https:\/\/ccpdq.gob.ec\/wp-content\/uploads\/2026\/03\/1-CONVENIO-QUITU-RAYMI-RODDNA-768x960.jpg 768w, https:\/\/ccpdq.gob.ec\/wp-content\/uploads\/2026\/03\/1-CONVENIO-QUITU-RAYMI-RODDNA.jpg 1080w\" sizes=\"(max-width: 819px) 100vw, 819px\" \/><\/figure>\n\n\n\n<p>La Alcald\u00eda Ciudadana de Quinind\u00e9, liderada por el Ing. Ronal Moreno en articulaci\u00f3n con la Fundaci\u00f3n Quitu Raymi, RODDNA y Consejo Cantonal de Protecci\u00f3n de Derechos, llevar\u00e1 a cabo la firma del Convenio de Cooperaci\u00f3n Interinstitucional para la ejecuci\u00f3n del Distrito RODDNA: \u201cTejiendo Metodolog\u00edas: Rumbo a la Sostenibilidad\u201d.<\/p>\n","protected":false},"excerpt":{"rendered":"<p>La Alcald\u00eda Ciudadana de Quinind\u00e9, liderada por el Ing. Ronal Moreno en articulaci\u00f3n con la Fundaci\u00f3n Quitu Raymi, RODDNA y Consejo Cantonal de Protecci\u00f3n de Derechos, llevar\u00e1 a cabo la firma del Convenio de Cooperaci\u00f3n Interinstitucional para la ejecuci\u00f3n del Distrito RODDNA: \u201cTejiendo Metodolog\u00edas: Rumbo a la Sostenibilidad\u201d.<\/p>\n","protected":false},"author":1,"featured_media":9671,"comment_status":"open","ping_status":"closed","sticky":false,"template":"","format":"standard","meta":{"_monsterinsights_skip_tracking":false,"_monsterinsights_sitenote_active":false,"_monsterinsights_sitenote_note":"","_monsterinsights_sitenote_category":0,"_kad_post_transparent":"","_kad_post_title":"","_kad_post_layout":"","_kad_post_sidebar_id":"","_kad_post_content_style":"","_kad_post_vertical_padding":"","_kad_post_feature":"","_kad_post_feature_position":"","_kad_post_header":false,"_kad_post_footer":false,"footnotes":""},"categories":[1],"tags":[],"class_list":["post-9670","post","type-post","status-publish","format-standard","has-post-thumbnail","hentry","category-noticias"],"aioseo_notices":[],"brizy_media":[],"_links":{"self":[{"href":"https:\/\/ccpdq.gob.ec\/index.php\/wp-json\/wp\/v2\/posts\/9670","targetHints":{"allow":["GET"]}}],"collection":[{"href":"https:\/\/ccpdq.gob.ec\/index.php\/wp-json\/wp\/v2\/posts"}],"about":[{"href":"https:\/\/ccpdq.gob.ec\/index.php\/wp-json\/wp\/v2\/types\/post"}],"author":[{"embeddable":true,"href":"https:\/\/ccpdq.gob.ec\/index.php\/wp-json\/wp\/v2\/users\/1"}],"replies":[{"embeddable":true,"href":"https:\/\/ccpdq.gob.ec\/index.php\/wp-json\/wp\/v2\/comments?post=9670"}],"version-history":[{"count":1,"href":"https:\/\/ccpdq.gob.ec\/index.php\/wp-json\/wp\/v2\/posts\/9670\/revisions"}],"predecessor-version":[{"id":9672,"href":"https:\/\/ccpdq.gob.ec\/index.php\/wp-json\/wp\/v2\/posts\/9670\/revisions\/9672"}],"wp:featuredmedia":[{"embeddable":true,"href":"https:\/\/ccpdq.gob.ec\/index.php\/wp-json\/wp\/v2\/media\/9671"}],"wp:attachment":[{"href":"https:\/\/ccpdq.gob.ec\/index.php\/wp-json\/wp\/v2\/media?parent=9670"}],"wp:term":[{"taxonomy":"category","embeddable":true,"href":"https:\/\/ccpdq.gob.ec\/index.php\/wp-json\/wp\/v2\/categories?post=9670"},{"taxonomy":"post_tag","embeddable":true,"href":"https:\/\/ccpdq.gob.ec\/index.php\/wp-json\/wp\/v2\/tags?post=9670"}],"curies":[{"name":"wp","href":"https:\/\/api.w.org\/{rel}","templated":true}]}}