{"id":9673,"date":"2026-03-14T20:40:59","date_gmt":"2026-03-15T01:40:59","guid":{"rendered":"https:\/\/ccpdq.gob.ec\/?p=9673"},"modified":"2026-03-24T19:12:49","modified_gmt":"2026-03-25T00:12:49","slug":"presencia-institucional-el-consejo-cantonal-de-proteccion-de-derechos-en-viche","status":"publish","type":"post","link":"https:\/\/ccpdq.gob.ec\/index.php\/2026\/03\/14\/presencia-institucional-el-consejo-cantonal-de-proteccion-de-derechos-en-viche\/","title":{"rendered":"Presencia institucional || El Consejo Cantonal de Protecci\u00f3n de Derechos en Viche"},"content":{"rendered":"\n<figure class=\"wp-block-image size-large\"><img fetchpriority=\"high\" decoding=\"async\" width=\"1024\" height=\"768\" src=\"https:\/\/ccpdq.gob.ec\/wp-content\/uploads\/2026\/03\/0-1-1024x768.jpg\" alt=\"\" class=\"wp-image-9674\" srcset=\"https:\/\/ccpdq.gob.ec\/wp-content\/uploads\/2026\/03\/0-1-1024x768.jpg 1024w, https:\/\/ccpdq.gob.ec\/wp-content\/uploads\/2026\/03\/0-1-300x225.jpg 300w, https:\/\/ccpdq.gob.ec\/wp-content\/uploads\/2026\/03\/0-1-768x576.jpg 768w, https:\/\/ccpdq.gob.ec\/wp-content\/uploads\/2026\/03\/0-1-1536x1152.jpg 1536w, https:\/\/ccpdq.gob.ec\/wp-content\/uploads\/2026\/03\/0-1.jpg 1600w\" sizes=\"(max-width: 1024px) 100vw, 1024px\" \/><\/figure>\n\n\n\n<p>El Consejo Cantonal de Protecci\u00f3n de Derechos, bajo la direcci\u00f3n del Abg. Ney Agust\u00edn Vilela Reina, secretario ejecutivo; particip\u00f3 con un stand informativo junto a las instituciones adscritas, en el evento de colocaci\u00f3n de la primera piedra del Patronato Municipal &#8211; extensi\u00f3n Viche, organizado por la Alcald\u00eda Ciudadana de Quinind\u00e9, liderada por el alcalde Ing. Ronal Moreno y Patronato Municipal de Inclusi\u00f3n Social del cant\u00f3n Quinind\u00e9.<\/p>\n\n\n\n<p>Durante la jornada, se brind\u00f3 informaci\u00f3n y orientaci\u00f3n a la ciudadan\u00eda sobre derechos, rutas de atenci\u00f3n y servicios del Sistema de Protecci\u00f3n de Derechos, reafirmando el compromiso institucional con la promoci\u00f3n y garant\u00eda de derechos en el territorio.<\/p>\n\n\n\n<figure class=\"wp-block-image size-large\"><img decoding=\"async\" width=\"1024\" height=\"768\" src=\"https:\/\/ccpdq.gob.ec\/wp-content\/uploads\/2026\/03\/4-3-1024x768.jpg\" alt=\"\" class=\"wp-image-9675\" srcset=\"https:\/\/ccpdq.gob.ec\/wp-content\/uploads\/2026\/03\/4-3-1024x768.jpg 1024w, https:\/\/ccpdq.gob.ec\/wp-content\/uploads\/2026\/03\/4-3-300x225.jpg 300w, https:\/\/ccpdq.gob.ec\/wp-content\/uploads\/2026\/03\/4-3-768x576.jpg 768w, https:\/\/ccpdq.gob.ec\/wp-content\/uploads\/2026\/03\/4-3-1536x1152.jpg 1536w, https:\/\/ccpdq.gob.ec\/wp-content\/uploads\/2026\/03\/4-3.jpg 1600w\" sizes=\"(max-width: 1024px) 100vw, 1024px\" \/><\/figure>\n\n\n\n<figure class=\"wp-block-image size-large\"><img decoding=\"async\" width=\"1024\" height=\"768\" src=\"https:\/\/ccpdq.gob.ec\/wp-content\/uploads\/2026\/03\/13-3-1024x768.jpg\" alt=\"\" class=\"wp-image-9676\" srcset=\"https:\/\/ccpdq.gob.ec\/wp-content\/uploads\/2026\/03\/13-3-1024x768.jpg 1024w, https:\/\/ccpdq.gob.ec\/wp-content\/uploads\/2026\/03\/13-3-300x225.jpg 300w, https:\/\/ccpdq.gob.ec\/wp-content\/uploads\/2026\/03\/13-3-768x576.jpg 768w, https:\/\/ccpdq.gob.ec\/wp-content\/uploads\/2026\/03\/13-3-1536x1152.jpg 1536w, https:\/\/ccpdq.gob.ec\/wp-content\/uploads\/2026\/03\/13-3.jpg 1600w\" sizes=\"(max-width: 1024px) 100vw, 1024px\" \/><\/figure>\n\n\n\n<figure class=\"wp-block-image size-large\"><img loading=\"lazy\" decoding=\"async\" width=\"1024\" height=\"768\" src=\"https:\/\/ccpdq.gob.ec\/wp-content\/uploads\/2026\/03\/12-1-1024x768.jpg\" alt=\"\" class=\"wp-image-9677\" srcset=\"https:\/\/ccpdq.gob.ec\/wp-content\/uploads\/2026\/03\/12-1-1024x768.jpg 1024w, https:\/\/ccpdq.gob.ec\/wp-content\/uploads\/2026\/03\/12-1-300x225.jpg 300w, https:\/\/ccpdq.gob.ec\/wp-content\/uploads\/2026\/03\/12-1-768x576.jpg 768w, https:\/\/ccpdq.gob.ec\/wp-content\/uploads\/2026\/03\/12-1-1536x1152.jpg 1536w, https:\/\/ccpdq.gob.ec\/wp-content\/uploads\/2026\/03\/12-1.jpg 1600w\" sizes=\"(max-width: 1024px) 100vw, 1024px\" \/><\/figure>\n\n\n\n<figure class=\"wp-block-image size-large\"><img loading=\"lazy\" decoding=\"async\" width=\"1024\" height=\"768\" src=\"https:\/\/ccpdq.gob.ec\/wp-content\/uploads\/2026\/03\/3-3-1024x768.jpg\" alt=\"\" class=\"wp-image-9678\" srcset=\"https:\/\/ccpdq.gob.ec\/wp-content\/uploads\/2026\/03\/3-3-1024x768.jpg 1024w, https:\/\/ccpdq.gob.ec\/wp-content\/uploads\/2026\/03\/3-3-300x225.jpg 300w, https:\/\/ccpdq.gob.ec\/wp-content\/uploads\/2026\/03\/3-3-768x576.jpg 768w, https:\/\/ccpdq.gob.ec\/wp-content\/uploads\/2026\/03\/3-3-1536x1152.jpg 1536w, https:\/\/ccpdq.gob.ec\/wp-content\/uploads\/2026\/03\/3-3.jpg 1600w\" sizes=\"(max-width: 1024px) 100vw, 1024px\" \/><\/figure>\n\n\n\n<figure class=\"wp-block-image size-large\"><img loading=\"lazy\" decoding=\"async\" width=\"1024\" height=\"768\" src=\"https:\/\/ccpdq.gob.ec\/wp-content\/uploads\/2026\/03\/5-4-1024x768.jpg\" alt=\"\" class=\"wp-image-9679\" srcset=\"https:\/\/ccpdq.gob.ec\/wp-content\/uploads\/2026\/03\/5-4-1024x768.jpg 1024w, https:\/\/ccpdq.gob.ec\/wp-content\/uploads\/2026\/03\/5-4-300x225.jpg 300w, https:\/\/ccpdq.gob.ec\/wp-content\/uploads\/2026\/03\/5-4-768x576.jpg 768w, https:\/\/ccpdq.gob.ec\/wp-content\/uploads\/2026\/03\/5-4-1536x1152.jpg 1536w, https:\/\/ccpdq.gob.ec\/wp-content\/uploads\/2026\/03\/5-4.jpg 1600w\" sizes=\"(max-width: 1024px) 100vw, 1024px\" \/><\/figure>\n","protected":false},"excerpt":{"rendered":"<p>El Consejo Cantonal de Protecci\u00f3n de Derechos, bajo la direcci\u00f3n del Abg. Ney Agust\u00edn Vilela Reina, secretario ejecutivo; particip\u00f3 con un stand informativo junto a las instituciones adscritas, en el evento de colocaci\u00f3n de la primera piedra del Patronato Municipal &#8211; extensi\u00f3n Viche, organizado por la Alcald\u00eda Ciudadana de Quinind\u00e9, liderada por el alcalde Ing&#8230;.<\/p>\n","protected":false},"author":1,"featured_media":9674,"comment_status":"open","ping_status":"closed","sticky":false,"template":"","format":"standard","meta":{"_monsterinsights_skip_tracking":false,"_monsterinsights_sitenote_active":false,"_monsterinsights_sitenote_note":"","_monsterinsights_sitenote_category":0,"_kad_post_transparent":"","_kad_post_title":"","_kad_post_layout":"","_kad_post_sidebar_id":"","_kad_post_content_style":"","_kad_post_vertical_padding":"","_kad_post_feature":"","_kad_post_feature_position":"","_kad_post_header":false,"_kad_post_footer":false,"footnotes":""},"categories":[1],"tags":[],"class_list":["post-9673","post","type-post","status-publish","format-standard","has-post-thumbnail","hentry","category-noticias"],"aioseo_notices":[],"brizy_media":[],"_links":{"self":[{"href":"https:\/\/ccpdq.gob.ec\/index.php\/wp-json\/wp\/v2\/posts\/9673","targetHints":{"allow":["GET"]}}],"collection":[{"href":"https:\/\/ccpdq.gob.ec\/index.php\/wp-json\/wp\/v2\/posts"}],"about":[{"href":"https:\/\/ccpdq.gob.ec\/index.php\/wp-json\/wp\/v2\/types\/post"}],"author":[{"embeddable":true,"href":"https:\/\/ccpdq.gob.ec\/index.php\/wp-json\/wp\/v2\/users\/1"}],"replies":[{"embeddable":true,"href":"https:\/\/ccpdq.gob.ec\/index.php\/wp-json\/wp\/v2\/comments?post=9673"}],"version-history":[{"count":1,"href":"https:\/\/ccpdq.gob.ec\/index.php\/wp-json\/wp\/v2\/posts\/9673\/revisions"}],"predecessor-version":[{"id":9680,"href":"https:\/\/ccpdq.gob.ec\/index.php\/wp-json\/wp\/v2\/posts\/9673\/revisions\/9680"}],"wp:featuredmedia":[{"embeddable":true,"href":"https:\/\/ccpdq.gob.ec\/index.php\/wp-json\/wp\/v2\/media\/9674"}],"wp:attachment":[{"href":"https:\/\/ccpdq.gob.ec\/index.php\/wp-json\/wp\/v2\/media?parent=9673"}],"wp:term":[{"taxonomy":"category","embeddable":true,"href":"https:\/\/ccpdq.gob.ec\/index.php\/wp-json\/wp\/v2\/categories?post=9673"},{"taxonomy":"post_tag","embeddable":true,"href":"https:\/\/ccpdq.gob.ec\/index.php\/wp-json\/wp\/v2\/tags?post=9673"}],"curies":[{"name":"wp","href":"https:\/\/api.w.org\/{rel}","templated":true}]}}