{"id":9708,"date":"2026-03-14T21:35:14","date_gmt":"2026-03-15T02:35:14","guid":{"rendered":"https:\/\/ccpdq.gob.ec\/?p=9708"},"modified":"2026-03-24T19:10:07","modified_gmt":"2026-03-25T00:10:07","slug":"valoracion-y-fortalecimiento-institucional","status":"publish","type":"post","link":"https:\/\/ccpdq.gob.ec\/index.php\/2026\/03\/14\/valoracion-y-fortalecimiento-institucional\/","title":{"rendered":"Valoraci\u00f3n y Fortalecimiento Institucional"},"content":{"rendered":"\n<figure class=\"wp-block-gallery has-nested-images columns-default is-cropped wp-block-gallery-1 is-layout-flex wp-block-gallery-is-layout-flex\">\n<figure class=\"wp-block-image size-large\"><img fetchpriority=\"high\" decoding=\"async\" width=\"1024\" height=\"768\" data-id=\"9709\" src=\"https:\/\/ccpdq.gob.ec\/wp-content\/uploads\/2026\/03\/0-3-1024x768.jpg\" alt=\"\" class=\"wp-image-9709\" srcset=\"https:\/\/ccpdq.gob.ec\/wp-content\/uploads\/2026\/03\/0-3-1024x768.jpg 1024w, https:\/\/ccpdq.gob.ec\/wp-content\/uploads\/2026\/03\/0-3-300x225.jpg 300w, https:\/\/ccpdq.gob.ec\/wp-content\/uploads\/2026\/03\/0-3-768x576.jpg 768w, https:\/\/ccpdq.gob.ec\/wp-content\/uploads\/2026\/03\/0-3-1536x1152.jpg 1536w, https:\/\/ccpdq.gob.ec\/wp-content\/uploads\/2026\/03\/0-3.jpg 1600w\" sizes=\"(max-width: 1024px) 100vw, 1024px\" \/><\/figure>\n\n\n\n<figure class=\"wp-block-image size-large\"><img decoding=\"async\" width=\"1024\" height=\"768\" data-id=\"9710\" src=\"https:\/\/ccpdq.gob.ec\/wp-content\/uploads\/2026\/03\/1-5-1024x768.jpg\" alt=\"\" class=\"wp-image-9710\" srcset=\"https:\/\/ccpdq.gob.ec\/wp-content\/uploads\/2026\/03\/1-5-1024x768.jpg 1024w, https:\/\/ccpdq.gob.ec\/wp-content\/uploads\/2026\/03\/1-5-300x225.jpg 300w, https:\/\/ccpdq.gob.ec\/wp-content\/uploads\/2026\/03\/1-5-768x576.jpg 768w, https:\/\/ccpdq.gob.ec\/wp-content\/uploads\/2026\/03\/1-5-1536x1152.jpg 1536w, https:\/\/ccpdq.gob.ec\/wp-content\/uploads\/2026\/03\/1-5.jpg 1600w\" sizes=\"(max-width: 1024px) 100vw, 1024px\" \/><\/figure>\n<\/figure>\n\n\n\n<p>El Consejo Cantonal de Protecci\u00f3n de Derechos particip\u00f3 en una reuni\u00f3n de trabajo v\u00eda Zoom con el Consejo Nacional para la Igualdad Intergeneracional (CNII), orientada a la valoraci\u00f3n del rendimiento institucional.<\/p>\n\n\n\n<p>Este espacio permiti\u00f3 analizar avances, identificar oportunidades de mejora y reafirmar el compromiso de seguir fortaleciendo la gesti\u00f3n en favor de la protecci\u00f3n y garant\u00eda de derechos de los grupos de atenci\u00f3n prioritaria del cant\u00f3n.<\/p>\n\n\n\n<p><\/p>\n","protected":false},"excerpt":{"rendered":"<p>El Consejo Cantonal de Protecci\u00f3n de Derechos particip\u00f3 en una reuni\u00f3n de trabajo v\u00eda Zoom con el Consejo Nacional para la Igualdad Intergeneracional (CNII), orientada a la valoraci\u00f3n del rendimiento institucional. Este espacio permiti\u00f3 analizar avances, identificar oportunidades de mejora y reafirmar el compromiso de seguir fortaleciendo la gesti\u00f3n en favor de la protecci\u00f3n y&#8230;<\/p>\n","protected":false},"author":1,"featured_media":9709,"comment_status":"open","ping_status":"closed","sticky":false,"template":"","format":"standard","meta":{"_monsterinsights_skip_tracking":false,"_monsterinsights_sitenote_active":false,"_monsterinsights_sitenote_note":"","_monsterinsights_sitenote_category":0,"_kad_post_transparent":"","_kad_post_title":"","_kad_post_layout":"","_kad_post_sidebar_id":"","_kad_post_content_style":"","_kad_post_vertical_padding":"","_kad_post_feature":"","_kad_post_feature_position":"","_kad_post_header":false,"_kad_post_footer":false,"footnotes":""},"categories":[1],"tags":[],"class_list":["post-9708","post","type-post","status-publish","format-standard","has-post-thumbnail","hentry","category-noticias"],"aioseo_notices":[],"brizy_media":[],"_links":{"self":[{"href":"https:\/\/ccpdq.gob.ec\/index.php\/wp-json\/wp\/v2\/posts\/9708","targetHints":{"allow":["GET"]}}],"collection":[{"href":"https:\/\/ccpdq.gob.ec\/index.php\/wp-json\/wp\/v2\/posts"}],"about":[{"href":"https:\/\/ccpdq.gob.ec\/index.php\/wp-json\/wp\/v2\/types\/post"}],"author":[{"embeddable":true,"href":"https:\/\/ccpdq.gob.ec\/index.php\/wp-json\/wp\/v2\/users\/1"}],"replies":[{"embeddable":true,"href":"https:\/\/ccpdq.gob.ec\/index.php\/wp-json\/wp\/v2\/comments?post=9708"}],"version-history":[{"count":1,"href":"https:\/\/ccpdq.gob.ec\/index.php\/wp-json\/wp\/v2\/posts\/9708\/revisions"}],"predecessor-version":[{"id":9711,"href":"https:\/\/ccpdq.gob.ec\/index.php\/wp-json\/wp\/v2\/posts\/9708\/revisions\/9711"}],"wp:featuredmedia":[{"embeddable":true,"href":"https:\/\/ccpdq.gob.ec\/index.php\/wp-json\/wp\/v2\/media\/9709"}],"wp:attachment":[{"href":"https:\/\/ccpdq.gob.ec\/index.php\/wp-json\/wp\/v2\/media?parent=9708"}],"wp:term":[{"taxonomy":"category","embeddable":true,"href":"https:\/\/ccpdq.gob.ec\/index.php\/wp-json\/wp\/v2\/categories?post=9708"},{"taxonomy":"post_tag","embeddable":true,"href":"https:\/\/ccpdq.gob.ec\/index.php\/wp-json\/wp\/v2\/tags?post=9708"}],"curies":[{"name":"wp","href":"https:\/\/api.w.org\/{rel}","templated":true}]}}