{"id":9712,"date":"2026-03-14T21:37:20","date_gmt":"2026-03-15T02:37:20","guid":{"rendered":"https:\/\/ccpdq.gob.ec\/?p=9712"},"modified":"2026-03-24T19:09:22","modified_gmt":"2026-03-25T00:09:22","slug":"compromiso-en-la-infancia-quinindena","status":"publish","type":"post","link":"https:\/\/ccpdq.gob.ec\/index.php\/2026\/03\/14\/compromiso-en-la-infancia-quinindena\/","title":{"rendered":"Compromiso en la Infancia Quininde\u00f1a"},"content":{"rendered":"\n<figure class=\"wp-block-image size-large\"><img fetchpriority=\"high\" decoding=\"async\" width=\"1024\" height=\"768\" src=\"https:\/\/ccpdq.gob.ec\/wp-content\/uploads\/2026\/03\/1-6-1024x768.jpg\" alt=\"\" class=\"wp-image-9713\" srcset=\"https:\/\/ccpdq.gob.ec\/wp-content\/uploads\/2026\/03\/1-6-1024x768.jpg 1024w, https:\/\/ccpdq.gob.ec\/wp-content\/uploads\/2026\/03\/1-6-300x225.jpg 300w, https:\/\/ccpdq.gob.ec\/wp-content\/uploads\/2026\/03\/1-6-768x576.jpg 768w, https:\/\/ccpdq.gob.ec\/wp-content\/uploads\/2026\/03\/1-6-1536x1152.jpg 1536w, https:\/\/ccpdq.gob.ec\/wp-content\/uploads\/2026\/03\/1-6.jpg 1600w\" sizes=\"(max-width: 1024px) 100vw, 1024px\" \/><\/figure>\n\n\n\n<p>Con el objetivo de continuar articulando acciones orientadas a la prevenci\u00f3n y reducci\u00f3n de la desnutrici\u00f3n cr\u00f3nica infantil en el cant\u00f3n Quinind\u00e9, se desarroll\u00f3 la sesi\u00f3n de la Mesa Intersectorial, en las instalaciones del Consejo Cantonal de Protecci\u00f3n de Derechos, fortaleciendo el trabajo conjunto por el bienestar de la ni\u00f1ez.<\/p>\n\n\n\n<p>Desde la Alcaldia Ciudadana de Quinind\u00e9 y el Consejo Cantonal de Protecci\u00f3n de Derechos, reafirmamos nuestro compromiso institucional de continuar trabajando de manera articulada y permanente, sumando esfuerzos intersectoriales para garantizar el desarrollo integral, la salud y el ejercicio pleno de los derechos de ni\u00f1as y ni\u00f1os del cant\u00f3n Quinind\u00e9.<\/p>\n\n\n\n<figure class=\"wp-block-gallery has-nested-images columns-default is-cropped wp-block-gallery-1 is-layout-flex wp-block-gallery-is-layout-flex\">\n<figure class=\"wp-block-image size-large\"><img decoding=\"async\" width=\"1024\" height=\"768\" data-id=\"9714\" src=\"https:\/\/ccpdq.gob.ec\/wp-content\/uploads\/2026\/03\/2-5-1024x768.jpg\" alt=\"\" class=\"wp-image-9714\" srcset=\"https:\/\/ccpdq.gob.ec\/wp-content\/uploads\/2026\/03\/2-5-1024x768.jpg 1024w, https:\/\/ccpdq.gob.ec\/wp-content\/uploads\/2026\/03\/2-5-300x225.jpg 300w, https:\/\/ccpdq.gob.ec\/wp-content\/uploads\/2026\/03\/2-5-768x576.jpg 768w, https:\/\/ccpdq.gob.ec\/wp-content\/uploads\/2026\/03\/2-5-1536x1152.jpg 1536w, https:\/\/ccpdq.gob.ec\/wp-content\/uploads\/2026\/03\/2-5.jpg 1600w\" sizes=\"(max-width: 1024px) 100vw, 1024px\" \/><\/figure>\n\n\n\n<figure class=\"wp-block-image size-large\"><img decoding=\"async\" width=\"1024\" height=\"768\" data-id=\"9715\" src=\"https:\/\/ccpdq.gob.ec\/wp-content\/uploads\/2026\/03\/3-6-1024x768.jpg\" alt=\"\" class=\"wp-image-9715\" srcset=\"https:\/\/ccpdq.gob.ec\/wp-content\/uploads\/2026\/03\/3-6-1024x768.jpg 1024w, https:\/\/ccpdq.gob.ec\/wp-content\/uploads\/2026\/03\/3-6-300x225.jpg 300w, https:\/\/ccpdq.gob.ec\/wp-content\/uploads\/2026\/03\/3-6-768x576.jpg 768w, https:\/\/ccpdq.gob.ec\/wp-content\/uploads\/2026\/03\/3-6-1536x1152.jpg 1536w, https:\/\/ccpdq.gob.ec\/wp-content\/uploads\/2026\/03\/3-6.jpg 1600w\" sizes=\"(max-width: 1024px) 100vw, 1024px\" \/><\/figure>\n<\/figure>\n","protected":false},"excerpt":{"rendered":"<p>Con el objetivo de continuar articulando acciones orientadas a la prevenci\u00f3n y reducci\u00f3n de la desnutrici\u00f3n cr\u00f3nica infantil en el cant\u00f3n Quinind\u00e9, se desarroll\u00f3 la sesi\u00f3n de la Mesa Intersectorial, en las instalaciones del Consejo Cantonal de Protecci\u00f3n de Derechos, fortaleciendo el trabajo conjunto por el bienestar de la ni\u00f1ez. Desde la Alcaldia Ciudadana de&#8230;<\/p>\n","protected":false},"author":1,"featured_media":9716,"comment_status":"open","ping_status":"closed","sticky":false,"template":"","format":"standard","meta":{"_monsterinsights_skip_tracking":false,"_monsterinsights_sitenote_active":false,"_monsterinsights_sitenote_note":"","_monsterinsights_sitenote_category":0,"_kad_post_transparent":"","_kad_post_title":"","_kad_post_layout":"","_kad_post_sidebar_id":"","_kad_post_content_style":"","_kad_post_vertical_padding":"","_kad_post_feature":"","_kad_post_feature_position":"","_kad_post_header":false,"_kad_post_footer":false,"footnotes":""},"categories":[1],"tags":[],"class_list":["post-9712","post","type-post","status-publish","format-standard","has-post-thumbnail","hentry","category-noticias"],"aioseo_notices":[],"brizy_media":[],"_links":{"self":[{"href":"https:\/\/ccpdq.gob.ec\/index.php\/wp-json\/wp\/v2\/posts\/9712","targetHints":{"allow":["GET"]}}],"collection":[{"href":"https:\/\/ccpdq.gob.ec\/index.php\/wp-json\/wp\/v2\/posts"}],"about":[{"href":"https:\/\/ccpdq.gob.ec\/index.php\/wp-json\/wp\/v2\/types\/post"}],"author":[{"embeddable":true,"href":"https:\/\/ccpdq.gob.ec\/index.php\/wp-json\/wp\/v2\/users\/1"}],"replies":[{"embeddable":true,"href":"https:\/\/ccpdq.gob.ec\/index.php\/wp-json\/wp\/v2\/comments?post=9712"}],"version-history":[{"count":1,"href":"https:\/\/ccpdq.gob.ec\/index.php\/wp-json\/wp\/v2\/posts\/9712\/revisions"}],"predecessor-version":[{"id":9717,"href":"https:\/\/ccpdq.gob.ec\/index.php\/wp-json\/wp\/v2\/posts\/9712\/revisions\/9717"}],"wp:featuredmedia":[{"embeddable":true,"href":"https:\/\/ccpdq.gob.ec\/index.php\/wp-json\/wp\/v2\/media\/9716"}],"wp:attachment":[{"href":"https:\/\/ccpdq.gob.ec\/index.php\/wp-json\/wp\/v2\/media?parent=9712"}],"wp:term":[{"taxonomy":"category","embeddable":true,"href":"https:\/\/ccpdq.gob.ec\/index.php\/wp-json\/wp\/v2\/categories?post=9712"},{"taxonomy":"post_tag","embeddable":true,"href":"https:\/\/ccpdq.gob.ec\/index.php\/wp-json\/wp\/v2\/tags?post=9712"}],"curies":[{"name":"wp","href":"https:\/\/api.w.org\/{rel}","templated":true}]}}