{"id":9732,"date":"2026-03-14T21:45:24","date_gmt":"2026-03-15T02:45:24","guid":{"rendered":"https:\/\/ccpdq.gob.ec\/?p=9732"},"modified":"2026-03-24T19:07:00","modified_gmt":"2026-03-25T00:07:00","slug":"4-de-febrero-dia-mundial-de-la-lucha-contra-el-cancer","status":"publish","type":"post","link":"https:\/\/ccpdq.gob.ec\/index.php\/2026\/03\/14\/4-de-febrero-dia-mundial-de-la-lucha-contra-el-cancer\/","title":{"rendered":"4 de febrero | D\u00eda Mundial de la Lucha contra el C\u00e1ncer"},"content":{"rendered":"\n<p>En esta fecha significativa, unimos nuestras voces para crear conciencia, promover la prevenci\u00f3n y fortalecer la esperanza, en solidaridad con quienes enfrentan esta lucha, fortaleciendo acciones que cuiden la vida, fomenten la detecci\u00f3n oportuna y acompa\u00f1en a las familias con responsabilidad y esperanza.<\/p>\n\n\n\n<p>Desde el Consejo Cantonal de Protecci\u00f3n de Derechos reafirmamos muestro compromiso de promover la prevenci\u00f3n, el acceso a la informaci\u00f3n y la defensa del derecho a la salud.<\/p>\n\n\n\n<figure class=\"wp-block-image size-large\"><img fetchpriority=\"high\" decoding=\"async\" width=\"819\" height=\"1024\" src=\"https:\/\/ccpdq.gob.ec\/wp-content\/uploads\/2026\/03\/4-de-febrero-dia-contra-el-cancer-819x1024.jpg\" alt=\"\" class=\"wp-image-9733\" srcset=\"https:\/\/ccpdq.gob.ec\/wp-content\/uploads\/2026\/03\/4-de-febrero-dia-contra-el-cancer-819x1024.jpg 819w, https:\/\/ccpdq.gob.ec\/wp-content\/uploads\/2026\/03\/4-de-febrero-dia-contra-el-cancer-240x300.jpg 240w, https:\/\/ccpdq.gob.ec\/wp-content\/uploads\/2026\/03\/4-de-febrero-dia-contra-el-cancer-768x960.jpg 768w, https:\/\/ccpdq.gob.ec\/wp-content\/uploads\/2026\/03\/4-de-febrero-dia-contra-el-cancer.jpg 1080w\" sizes=\"(max-width: 819px) 100vw, 819px\" \/><\/figure>\n","protected":false},"excerpt":{"rendered":"<p>En esta fecha significativa, unimos nuestras voces para crear conciencia, promover la prevenci\u00f3n y fortalecer la esperanza, en solidaridad con quienes enfrentan esta lucha, fortaleciendo acciones que cuiden la vida, fomenten la detecci\u00f3n oportuna y acompa\u00f1en a las familias con responsabilidad y esperanza. Desde el Consejo Cantonal de Protecci\u00f3n de Derechos reafirmamos muestro compromiso de&#8230;<\/p>\n","protected":false},"author":1,"featured_media":9733,"comment_status":"open","ping_status":"closed","sticky":false,"template":"","format":"standard","meta":{"_monsterinsights_skip_tracking":false,"_monsterinsights_sitenote_active":false,"_monsterinsights_sitenote_note":"","_monsterinsights_sitenote_category":0,"_kad_post_transparent":"","_kad_post_title":"","_kad_post_layout":"","_kad_post_sidebar_id":"","_kad_post_content_style":"","_kad_post_vertical_padding":"","_kad_post_feature":"","_kad_post_feature_position":"","_kad_post_header":false,"_kad_post_footer":false,"footnotes":""},"categories":[1],"tags":[],"class_list":["post-9732","post","type-post","status-publish","format-standard","has-post-thumbnail","hentry","category-noticias"],"aioseo_notices":[],"brizy_media":[],"_links":{"self":[{"href":"https:\/\/ccpdq.gob.ec\/index.php\/wp-json\/wp\/v2\/posts\/9732","targetHints":{"allow":["GET"]}}],"collection":[{"href":"https:\/\/ccpdq.gob.ec\/index.php\/wp-json\/wp\/v2\/posts"}],"about":[{"href":"https:\/\/ccpdq.gob.ec\/index.php\/wp-json\/wp\/v2\/types\/post"}],"author":[{"embeddable":true,"href":"https:\/\/ccpdq.gob.ec\/index.php\/wp-json\/wp\/v2\/users\/1"}],"replies":[{"embeddable":true,"href":"https:\/\/ccpdq.gob.ec\/index.php\/wp-json\/wp\/v2\/comments?post=9732"}],"version-history":[{"count":1,"href":"https:\/\/ccpdq.gob.ec\/index.php\/wp-json\/wp\/v2\/posts\/9732\/revisions"}],"predecessor-version":[{"id":9734,"href":"https:\/\/ccpdq.gob.ec\/index.php\/wp-json\/wp\/v2\/posts\/9732\/revisions\/9734"}],"wp:featuredmedia":[{"embeddable":true,"href":"https:\/\/ccpdq.gob.ec\/index.php\/wp-json\/wp\/v2\/media\/9733"}],"wp:attachment":[{"href":"https:\/\/ccpdq.gob.ec\/index.php\/wp-json\/wp\/v2\/media?parent=9732"}],"wp:term":[{"taxonomy":"category","embeddable":true,"href":"https:\/\/ccpdq.gob.ec\/index.php\/wp-json\/wp\/v2\/categories?post=9732"},{"taxonomy":"post_tag","embeddable":true,"href":"https:\/\/ccpdq.gob.ec\/index.php\/wp-json\/wp\/v2\/tags?post=9732"}],"curies":[{"name":"wp","href":"https:\/\/api.w.org\/{rel}","templated":true}]}}