{"id":9744,"date":"2026-03-14T21:48:23","date_gmt":"2026-03-15T02:48:23","guid":{"rendered":"https:\/\/ccpdq.gob.ec\/?p=9744"},"modified":"2026-03-24T19:05:55","modified_gmt":"2026-03-25T00:05:55","slug":"trabajo-en-territorio-por-la-proteccion-de-derechos","status":"publish","type":"post","link":"https:\/\/ccpdq.gob.ec\/index.php\/2026\/03\/14\/trabajo-en-territorio-por-la-proteccion-de-derechos\/","title":{"rendered":"Trabajo en Territorio por la Protecci\u00f3n de Derechos"},"content":{"rendered":"\n<p>El Consejo Cantonal de Protecci\u00f3n de Derechos, bajo la gesti\u00f3n del Abg. Ney Agust\u00edn Vilela Reina, secretario ejecutivo; junto a la Soc. Elvia Mercado, trabajadora social de la Junta Cantonal de Protecci\u00f3n de Derechos, realizaron el seguimiento y levantamiento de informaci\u00f3n en un caso de NNA, como parte de las acciones de atenci\u00f3n y restituci\u00f3n de derechos.<\/p>\n\n\n\n<p>Desde la Alcald\u00eda Ciudadana de Quinind\u00e9, liderada por el Ing. Ronal Moreno, se reafirma el compromiso con la ni\u00f1ez y adolescencia del cant\u00f3n, fortaleciendo el trabajo interinstitucional para garantizar su protecci\u00f3n integral.<\/p>\n\n\n\n<figure class=\"wp-block-gallery has-nested-images columns-default is-cropped wp-block-gallery-1 is-layout-flex wp-block-gallery-is-layout-flex\">\n<figure class=\"wp-block-image size-large\"><img fetchpriority=\"high\" decoding=\"async\" width=\"1024\" height=\"768\" data-id=\"9745\" src=\"https:\/\/ccpdq.gob.ec\/wp-content\/uploads\/2026\/03\/1-10-1024x768.jpg\" alt=\"\" class=\"wp-image-9745\" srcset=\"https:\/\/ccpdq.gob.ec\/wp-content\/uploads\/2026\/03\/1-10-1024x768.jpg 1024w, https:\/\/ccpdq.gob.ec\/wp-content\/uploads\/2026\/03\/1-10-300x225.jpg 300w, https:\/\/ccpdq.gob.ec\/wp-content\/uploads\/2026\/03\/1-10-768x576.jpg 768w, https:\/\/ccpdq.gob.ec\/wp-content\/uploads\/2026\/03\/1-10-1536x1152.jpg 1536w, https:\/\/ccpdq.gob.ec\/wp-content\/uploads\/2026\/03\/1-10.jpg 1600w\" sizes=\"(max-width: 1024px) 100vw, 1024px\" \/><\/figure>\n\n\n\n<figure class=\"wp-block-image size-large\"><img decoding=\"async\" width=\"1024\" height=\"768\" data-id=\"9747\" src=\"https:\/\/ccpdq.gob.ec\/wp-content\/uploads\/2026\/03\/2-9-1024x768.jpg\" alt=\"\" class=\"wp-image-9747\" srcset=\"https:\/\/ccpdq.gob.ec\/wp-content\/uploads\/2026\/03\/2-9-1024x768.jpg 1024w, https:\/\/ccpdq.gob.ec\/wp-content\/uploads\/2026\/03\/2-9-300x225.jpg 300w, https:\/\/ccpdq.gob.ec\/wp-content\/uploads\/2026\/03\/2-9-768x576.jpg 768w, https:\/\/ccpdq.gob.ec\/wp-content\/uploads\/2026\/03\/2-9-1536x1152.jpg 1536w, https:\/\/ccpdq.gob.ec\/wp-content\/uploads\/2026\/03\/2-9.jpg 1600w\" sizes=\"(max-width: 1024px) 100vw, 1024px\" \/><\/figure>\n\n\n\n<figure class=\"wp-block-image size-large\"><img decoding=\"async\" width=\"1024\" height=\"768\" data-id=\"9746\" src=\"https:\/\/ccpdq.gob.ec\/wp-content\/uploads\/2026\/03\/0-4-1024x768.jpg\" alt=\"\" class=\"wp-image-9746\" srcset=\"https:\/\/ccpdq.gob.ec\/wp-content\/uploads\/2026\/03\/0-4-1024x768.jpg 1024w, https:\/\/ccpdq.gob.ec\/wp-content\/uploads\/2026\/03\/0-4-300x225.jpg 300w, https:\/\/ccpdq.gob.ec\/wp-content\/uploads\/2026\/03\/0-4-768x576.jpg 768w, https:\/\/ccpdq.gob.ec\/wp-content\/uploads\/2026\/03\/0-4-1536x1152.jpg 1536w, https:\/\/ccpdq.gob.ec\/wp-content\/uploads\/2026\/03\/0-4.jpg 1600w\" sizes=\"(max-width: 1024px) 100vw, 1024px\" \/><\/figure>\n<\/figure>\n\n\n\n<figure class=\"wp-block-gallery has-nested-images columns-default is-cropped wp-block-gallery-2 is-layout-flex wp-block-gallery-is-layout-flex\">\n<figure class=\"wp-block-image size-large\"><img loading=\"lazy\" decoding=\"async\" width=\"1024\" height=\"768\" data-id=\"9748\" src=\"https:\/\/ccpdq.gob.ec\/wp-content\/uploads\/2026\/03\/3-9-1024x768.jpg\" alt=\"\" class=\"wp-image-9748\" srcset=\"https:\/\/ccpdq.gob.ec\/wp-content\/uploads\/2026\/03\/3-9-1024x768.jpg 1024w, https:\/\/ccpdq.gob.ec\/wp-content\/uploads\/2026\/03\/3-9-300x225.jpg 300w, https:\/\/ccpdq.gob.ec\/wp-content\/uploads\/2026\/03\/3-9-768x576.jpg 768w, https:\/\/ccpdq.gob.ec\/wp-content\/uploads\/2026\/03\/3-9-1536x1152.jpg 1536w, https:\/\/ccpdq.gob.ec\/wp-content\/uploads\/2026\/03\/3-9.jpg 1600w\" sizes=\"(max-width: 1024px) 100vw, 1024px\" \/><\/figure>\n\n\n\n<figure class=\"wp-block-image size-large\"><img loading=\"lazy\" decoding=\"async\" width=\"1024\" height=\"768\" data-id=\"9750\" src=\"https:\/\/ccpdq.gob.ec\/wp-content\/uploads\/2026\/03\/4-9-1024x768.jpg\" alt=\"\" class=\"wp-image-9750\" srcset=\"https:\/\/ccpdq.gob.ec\/wp-content\/uploads\/2026\/03\/4-9-1024x768.jpg 1024w, https:\/\/ccpdq.gob.ec\/wp-content\/uploads\/2026\/03\/4-9-300x225.jpg 300w, https:\/\/ccpdq.gob.ec\/wp-content\/uploads\/2026\/03\/4-9-768x576.jpg 768w, https:\/\/ccpdq.gob.ec\/wp-content\/uploads\/2026\/03\/4-9-1536x1152.jpg 1536w, https:\/\/ccpdq.gob.ec\/wp-content\/uploads\/2026\/03\/4-9.jpg 1600w\" sizes=\"(max-width: 1024px) 100vw, 1024px\" \/><\/figure>\n\n\n\n<figure class=\"wp-block-image size-large\"><img loading=\"lazy\" decoding=\"async\" width=\"1024\" height=\"768\" data-id=\"9749\" src=\"https:\/\/ccpdq.gob.ec\/wp-content\/uploads\/2026\/03\/5-10-1024x768.jpg\" alt=\"\" class=\"wp-image-9749\" srcset=\"https:\/\/ccpdq.gob.ec\/wp-content\/uploads\/2026\/03\/5-10-1024x768.jpg 1024w, https:\/\/ccpdq.gob.ec\/wp-content\/uploads\/2026\/03\/5-10-300x225.jpg 300w, https:\/\/ccpdq.gob.ec\/wp-content\/uploads\/2026\/03\/5-10-768x576.jpg 768w, https:\/\/ccpdq.gob.ec\/wp-content\/uploads\/2026\/03\/5-10-1536x1152.jpg 1536w, https:\/\/ccpdq.gob.ec\/wp-content\/uploads\/2026\/03\/5-10.jpg 1600w\" sizes=\"(max-width: 1024px) 100vw, 1024px\" \/><\/figure>\n<\/figure>\n","protected":false},"excerpt":{"rendered":"<p>El Consejo Cantonal de Protecci\u00f3n de Derechos, bajo la gesti\u00f3n del Abg. Ney Agust\u00edn Vilela Reina, secretario ejecutivo; junto a la Soc. Elvia Mercado, trabajadora social de la Junta Cantonal de Protecci\u00f3n de Derechos, realizaron el seguimiento y levantamiento de informaci\u00f3n en un caso de NNA, como parte de las acciones de atenci\u00f3n y restituci\u00f3n&#8230;<\/p>\n","protected":false},"author":1,"featured_media":9746,"comment_status":"open","ping_status":"closed","sticky":false,"template":"","format":"standard","meta":{"_monsterinsights_skip_tracking":false,"_monsterinsights_sitenote_active":false,"_monsterinsights_sitenote_note":"","_monsterinsights_sitenote_category":0,"_kad_post_transparent":"","_kad_post_title":"","_kad_post_layout":"","_kad_post_sidebar_id":"","_kad_post_content_style":"","_kad_post_vertical_padding":"","_kad_post_feature":"","_kad_post_feature_position":"","_kad_post_header":false,"_kad_post_footer":false,"footnotes":""},"categories":[1],"tags":[],"class_list":["post-9744","post","type-post","status-publish","format-standard","has-post-thumbnail","hentry","category-noticias"],"aioseo_notices":[],"brizy_media":[],"_links":{"self":[{"href":"https:\/\/ccpdq.gob.ec\/index.php\/wp-json\/wp\/v2\/posts\/9744","targetHints":{"allow":["GET"]}}],"collection":[{"href":"https:\/\/ccpdq.gob.ec\/index.php\/wp-json\/wp\/v2\/posts"}],"about":[{"href":"https:\/\/ccpdq.gob.ec\/index.php\/wp-json\/wp\/v2\/types\/post"}],"author":[{"embeddable":true,"href":"https:\/\/ccpdq.gob.ec\/index.php\/wp-json\/wp\/v2\/users\/1"}],"replies":[{"embeddable":true,"href":"https:\/\/ccpdq.gob.ec\/index.php\/wp-json\/wp\/v2\/comments?post=9744"}],"version-history":[{"count":1,"href":"https:\/\/ccpdq.gob.ec\/index.php\/wp-json\/wp\/v2\/posts\/9744\/revisions"}],"predecessor-version":[{"id":9751,"href":"https:\/\/ccpdq.gob.ec\/index.php\/wp-json\/wp\/v2\/posts\/9744\/revisions\/9751"}],"wp:featuredmedia":[{"embeddable":true,"href":"https:\/\/ccpdq.gob.ec\/index.php\/wp-json\/wp\/v2\/media\/9746"}],"wp:attachment":[{"href":"https:\/\/ccpdq.gob.ec\/index.php\/wp-json\/wp\/v2\/media?parent=9744"}],"wp:term":[{"taxonomy":"category","embeddable":true,"href":"https:\/\/ccpdq.gob.ec\/index.php\/wp-json\/wp\/v2\/categories?post=9744"},{"taxonomy":"post_tag","embeddable":true,"href":"https:\/\/ccpdq.gob.ec\/index.php\/wp-json\/wp\/v2\/tags?post=9744"}],"curies":[{"name":"wp","href":"https:\/\/api.w.org\/{rel}","templated":true}]}}