{"id":9758,"date":"2026-03-14T21:50:30","date_gmt":"2026-03-15T02:50:30","guid":{"rendered":"https:\/\/ccpdq.gob.ec\/?p=9758"},"modified":"2026-03-24T19:04:07","modified_gmt":"2026-03-25T00:04:07","slug":"12-de-febrero-dia-internacional-de-las-manos-rojas","status":"publish","type":"post","link":"https:\/\/ccpdq.gob.ec\/index.php\/2026\/03\/14\/12-de-febrero-dia-internacional-de-las-manos-rojas\/","title":{"rendered":"12 de febrero | D\u00eda Internacional de las Manos Rojas"},"content":{"rendered":"\n<p>En esta fecha reafirmamos nuestro firme rechazo al reclutamiento y utilizaci\u00f3n de ni\u00f1as, ni\u00f1os y adolescentes en conflictos armados. La ni\u00f1ez debe crecer en entornos de paz, protecci\u00f3n y oportunidades, nunca en escenarios de violencia.<\/p>\n\n\n\n<p>Desde el Consejo Cantonal de Protecci\u00f3n de Derechos, liderado por el Ab. Ney Agust\u00edn Vilela Reina, secretario ejecutivo; en articulaci\u00f3n con la institucionalidad local, ratificamos nuestro compromiso de promover, proteger y garantizar los derechos de la ni\u00f1ez y adolescencia, impulsando acciones de prevenci\u00f3n, sensibilizaci\u00f3n y trabajo interinstitucional para salvaguardar su desarrollo integral.<\/p>\n\n\n\n<p><img decoding=\"async\" height=\"16\" width=\"16\" alt=\"\ud83d\udd34\" src=\"https:\/\/static.xx.fbcdn.net\/images\/emoji.php\/v9\/t6e\/1\/16\/1f534.png\"><img decoding=\"async\" height=\"16\" width=\"16\" alt=\"\u270b\" src=\"https:\/\/static.xx.fbcdn.net\/images\/emoji.php\/v9\/te0\/1\/16\/270b.png\"> Levantamos nuestras manos por una infancia libre de violencia.<\/p>\n\n\n\n<figure class=\"wp-block-image size-large\"><img fetchpriority=\"high\" decoding=\"async\" width=\"819\" height=\"1024\" src=\"https:\/\/ccpdq.gob.ec\/wp-content\/uploads\/2026\/03\/12-02-dia-manos-rojas-819x1024.jpg\" alt=\"\" class=\"wp-image-9759\" srcset=\"https:\/\/ccpdq.gob.ec\/wp-content\/uploads\/2026\/03\/12-02-dia-manos-rojas-819x1024.jpg 819w, https:\/\/ccpdq.gob.ec\/wp-content\/uploads\/2026\/03\/12-02-dia-manos-rojas-240x300.jpg 240w, https:\/\/ccpdq.gob.ec\/wp-content\/uploads\/2026\/03\/12-02-dia-manos-rojas-768x960.jpg 768w, https:\/\/ccpdq.gob.ec\/wp-content\/uploads\/2026\/03\/12-02-dia-manos-rojas.jpg 1080w\" sizes=\"(max-width: 819px) 100vw, 819px\" \/><\/figure>\n","protected":false},"excerpt":{"rendered":"<p>En esta fecha reafirmamos nuestro firme rechazo al reclutamiento y utilizaci\u00f3n de ni\u00f1as, ni\u00f1os y adolescentes en conflictos armados. La ni\u00f1ez debe crecer en entornos de paz, protecci\u00f3n y oportunidades, nunca en escenarios de violencia. Desde el Consejo Cantonal de Protecci\u00f3n de Derechos, liderado por el Ab. Ney Agust\u00edn Vilela Reina, secretario ejecutivo; en articulaci\u00f3n&#8230;<\/p>\n","protected":false},"author":1,"featured_media":9759,"comment_status":"open","ping_status":"closed","sticky":false,"template":"","format":"standard","meta":{"_monsterinsights_skip_tracking":false,"_monsterinsights_sitenote_active":false,"_monsterinsights_sitenote_note":"","_monsterinsights_sitenote_category":0,"_kad_post_transparent":"","_kad_post_title":"","_kad_post_layout":"","_kad_post_sidebar_id":"","_kad_post_content_style":"","_kad_post_vertical_padding":"","_kad_post_feature":"","_kad_post_feature_position":"","_kad_post_header":false,"_kad_post_footer":false,"footnotes":""},"categories":[1],"tags":[],"class_list":["post-9758","post","type-post","status-publish","format-standard","has-post-thumbnail","hentry","category-noticias"],"aioseo_notices":[],"brizy_media":[],"_links":{"self":[{"href":"https:\/\/ccpdq.gob.ec\/index.php\/wp-json\/wp\/v2\/posts\/9758","targetHints":{"allow":["GET"]}}],"collection":[{"href":"https:\/\/ccpdq.gob.ec\/index.php\/wp-json\/wp\/v2\/posts"}],"about":[{"href":"https:\/\/ccpdq.gob.ec\/index.php\/wp-json\/wp\/v2\/types\/post"}],"author":[{"embeddable":true,"href":"https:\/\/ccpdq.gob.ec\/index.php\/wp-json\/wp\/v2\/users\/1"}],"replies":[{"embeddable":true,"href":"https:\/\/ccpdq.gob.ec\/index.php\/wp-json\/wp\/v2\/comments?post=9758"}],"version-history":[{"count":1,"href":"https:\/\/ccpdq.gob.ec\/index.php\/wp-json\/wp\/v2\/posts\/9758\/revisions"}],"predecessor-version":[{"id":9760,"href":"https:\/\/ccpdq.gob.ec\/index.php\/wp-json\/wp\/v2\/posts\/9758\/revisions\/9760"}],"wp:featuredmedia":[{"embeddable":true,"href":"https:\/\/ccpdq.gob.ec\/index.php\/wp-json\/wp\/v2\/media\/9759"}],"wp:attachment":[{"href":"https:\/\/ccpdq.gob.ec\/index.php\/wp-json\/wp\/v2\/media?parent=9758"}],"wp:term":[{"taxonomy":"category","embeddable":true,"href":"https:\/\/ccpdq.gob.ec\/index.php\/wp-json\/wp\/v2\/categories?post=9758"},{"taxonomy":"post_tag","embeddable":true,"href":"https:\/\/ccpdq.gob.ec\/index.php\/wp-json\/wp\/v2\/tags?post=9758"}],"curies":[{"name":"wp","href":"https:\/\/api.w.org\/{rel}","templated":true}]}}