{"id":9776,"date":"2026-03-14T21:54:10","date_gmt":"2026-03-15T02:54:10","guid":{"rendered":"https:\/\/ccpdq.gob.ec\/?p=9776"},"modified":"2026-03-24T19:03:09","modified_gmt":"2026-03-25T00:03:09","slug":"20-de-febrero-dia-internacional-de-la-justicia-social","status":"publish","type":"post","link":"https:\/\/ccpdq.gob.ec\/index.php\/2026\/03\/14\/20-de-febrero-dia-internacional-de-la-justicia-social\/","title":{"rendered":"20 de febrero | D\u00eda Internacional de la JUSTICIA SOCIAL"},"content":{"rendered":"\n<figure class=\"wp-block-image size-large\"><img fetchpriority=\"high\" decoding=\"async\" width=\"819\" height=\"1024\" src=\"https:\/\/ccpdq.gob.ec\/wp-content\/uploads\/2026\/03\/20-FEB-JUSTICIA-SOCIAL-X3-819x1024.jpg\" alt=\"\" class=\"wp-image-9777\" srcset=\"https:\/\/ccpdq.gob.ec\/wp-content\/uploads\/2026\/03\/20-FEB-JUSTICIA-SOCIAL-X3-819x1024.jpg 819w, https:\/\/ccpdq.gob.ec\/wp-content\/uploads\/2026\/03\/20-FEB-JUSTICIA-SOCIAL-X3-240x300.jpg 240w, https:\/\/ccpdq.gob.ec\/wp-content\/uploads\/2026\/03\/20-FEB-JUSTICIA-SOCIAL-X3-768x960.jpg 768w, https:\/\/ccpdq.gob.ec\/wp-content\/uploads\/2026\/03\/20-FEB-JUSTICIA-SOCIAL-X3.jpg 1080w\" sizes=\"(max-width: 819px) 100vw, 819px\" \/><\/figure>\n\n\n\n<p>Hoy recordamos que la justicia social es el camino hacia la igualdad, la dignidad y las oportunidades para todos y todas.<\/p>\n\n\n\n<p>Este d\u00eda, promovido por la Organizaci\u00f3n de las Naciones Unidas, nos invita a construir comunidades sin discriminaci\u00f3n, con inclusi\u00f3n, equidad y respeto a los derechos humanos.<\/p>\n\n\n\n<p>Desde el Consejo Cantonal de Protecci\u00f3n de Derechos, liderado por el Ab. Ney Agust\u00edn Vilela Reina, secretario ejecutivo; en articulaci\u00f3n con el Sistema de Protecci\u00f3n, ratificamos nuestro compromiso de trabajar juntos por una sociedad m\u00e1s justa, solidaria y con oportunidades para cada persona.<\/p>\n\n\n\n<p>\u00a1La justicia social comienza con nuestras acciones diarias!<\/p>\n","protected":false},"excerpt":{"rendered":"<p>Hoy recordamos que la justicia social es el camino hacia la igualdad, la dignidad y las oportunidades para todos y todas. Este d\u00eda, promovido por la Organizaci\u00f3n de las Naciones Unidas, nos invita a construir comunidades sin discriminaci\u00f3n, con inclusi\u00f3n, equidad y respeto a los derechos humanos. Desde el Consejo Cantonal de Protecci\u00f3n de Derechos,&#8230;<\/p>\n","protected":false},"author":1,"featured_media":9777,"comment_status":"open","ping_status":"closed","sticky":false,"template":"","format":"standard","meta":{"_monsterinsights_skip_tracking":false,"_monsterinsights_sitenote_active":false,"_monsterinsights_sitenote_note":"","_monsterinsights_sitenote_category":0,"_kad_post_transparent":"","_kad_post_title":"","_kad_post_layout":"","_kad_post_sidebar_id":"","_kad_post_content_style":"","_kad_post_vertical_padding":"","_kad_post_feature":"","_kad_post_feature_position":"","_kad_post_header":false,"_kad_post_footer":false,"footnotes":""},"categories":[1],"tags":[],"class_list":["post-9776","post","type-post","status-publish","format-standard","has-post-thumbnail","hentry","category-noticias"],"aioseo_notices":[],"brizy_media":[],"_links":{"self":[{"href":"https:\/\/ccpdq.gob.ec\/index.php\/wp-json\/wp\/v2\/posts\/9776","targetHints":{"allow":["GET"]}}],"collection":[{"href":"https:\/\/ccpdq.gob.ec\/index.php\/wp-json\/wp\/v2\/posts"}],"about":[{"href":"https:\/\/ccpdq.gob.ec\/index.php\/wp-json\/wp\/v2\/types\/post"}],"author":[{"embeddable":true,"href":"https:\/\/ccpdq.gob.ec\/index.php\/wp-json\/wp\/v2\/users\/1"}],"replies":[{"embeddable":true,"href":"https:\/\/ccpdq.gob.ec\/index.php\/wp-json\/wp\/v2\/comments?post=9776"}],"version-history":[{"count":1,"href":"https:\/\/ccpdq.gob.ec\/index.php\/wp-json\/wp\/v2\/posts\/9776\/revisions"}],"predecessor-version":[{"id":9778,"href":"https:\/\/ccpdq.gob.ec\/index.php\/wp-json\/wp\/v2\/posts\/9776\/revisions\/9778"}],"wp:featuredmedia":[{"embeddable":true,"href":"https:\/\/ccpdq.gob.ec\/index.php\/wp-json\/wp\/v2\/media\/9777"}],"wp:attachment":[{"href":"https:\/\/ccpdq.gob.ec\/index.php\/wp-json\/wp\/v2\/media?parent=9776"}],"wp:term":[{"taxonomy":"category","embeddable":true,"href":"https:\/\/ccpdq.gob.ec\/index.php\/wp-json\/wp\/v2\/categories?post=9776"},{"taxonomy":"post_tag","embeddable":true,"href":"https:\/\/ccpdq.gob.ec\/index.php\/wp-json\/wp\/v2\/tags?post=9776"}],"curies":[{"name":"wp","href":"https:\/\/api.w.org\/{rel}","templated":true}]}}