{"id":9779,"date":"2026-03-14T21:55:11","date_gmt":"2026-03-15T02:55:11","guid":{"rendered":"https:\/\/ccpdq.gob.ec\/?p=9779"},"modified":"2026-03-24T19:02:49","modified_gmt":"2026-03-25T00:02:49","slug":"21-de-febrero-dia-del-medico-ecuatoriano","status":"publish","type":"post","link":"https:\/\/ccpdq.gob.ec\/index.php\/2026\/03\/14\/21-de-febrero-dia-del-medico-ecuatoriano\/","title":{"rendered":"21 de febrero | D\u00eda del M\u00e9dico Ecuatoriano"},"content":{"rendered":"\n<figure class=\"wp-block-image size-large\"><img fetchpriority=\"high\" decoding=\"async\" width=\"819\" height=\"1024\" src=\"https:\/\/ccpdq.gob.ec\/wp-content\/uploads\/2026\/03\/21-febrero-d-medico-ecua-819x1024.jpg\" alt=\"\" class=\"wp-image-9780\" srcset=\"https:\/\/ccpdq.gob.ec\/wp-content\/uploads\/2026\/03\/21-febrero-d-medico-ecua-819x1024.jpg 819w, https:\/\/ccpdq.gob.ec\/wp-content\/uploads\/2026\/03\/21-febrero-d-medico-ecua-240x300.jpg 240w, https:\/\/ccpdq.gob.ec\/wp-content\/uploads\/2026\/03\/21-febrero-d-medico-ecua-768x960.jpg 768w, https:\/\/ccpdq.gob.ec\/wp-content\/uploads\/2026\/03\/21-febrero-d-medico-ecua.jpg 1080w\" sizes=\"(max-width: 819px) 100vw, 819px\" \/><\/figure>\n\n\n\n<p>Hoy rendimos un merecido reconocimiento a las y los m\u00e9dicos del pa\u00eds, quienes con vocaci\u00f3n, \u00e9tica y compromiso dedican su vida al cuidado de la salud y la esperanza de nuestras comunidades.<\/p>\n\n\n\n<p>Desde el Consejo Cantonal de Protecci\u00f3n de Derechos, expresamos nuestro agradecimiento y respeto a quienes trabajan d\u00eda a d\u00eda por el bienestar de la ciudadan\u00eda, reafirmando el compromiso de seguir fortaleciendo acciones que garanticen el derecho a la salud para todos.<\/p>\n","protected":false},"excerpt":{"rendered":"<p>Hoy rendimos un merecido reconocimiento a las y los m\u00e9dicos del pa\u00eds, quienes con vocaci\u00f3n, \u00e9tica y compromiso dedican su vida al cuidado de la salud y la esperanza de nuestras comunidades. Desde el Consejo Cantonal de Protecci\u00f3n de Derechos, expresamos nuestro agradecimiento y respeto a quienes trabajan d\u00eda a d\u00eda por el bienestar de&#8230;<\/p>\n","protected":false},"author":1,"featured_media":9780,"comment_status":"open","ping_status":"closed","sticky":false,"template":"","format":"standard","meta":{"_monsterinsights_skip_tracking":false,"_monsterinsights_sitenote_active":false,"_monsterinsights_sitenote_note":"","_monsterinsights_sitenote_category":0,"_kad_post_transparent":"","_kad_post_title":"","_kad_post_layout":"","_kad_post_sidebar_id":"","_kad_post_content_style":"","_kad_post_vertical_padding":"","_kad_post_feature":"","_kad_post_feature_position":"","_kad_post_header":false,"_kad_post_footer":false,"footnotes":""},"categories":[1],"tags":[],"class_list":["post-9779","post","type-post","status-publish","format-standard","has-post-thumbnail","hentry","category-noticias"],"aioseo_notices":[],"brizy_media":[],"_links":{"self":[{"href":"https:\/\/ccpdq.gob.ec\/index.php\/wp-json\/wp\/v2\/posts\/9779","targetHints":{"allow":["GET"]}}],"collection":[{"href":"https:\/\/ccpdq.gob.ec\/index.php\/wp-json\/wp\/v2\/posts"}],"about":[{"href":"https:\/\/ccpdq.gob.ec\/index.php\/wp-json\/wp\/v2\/types\/post"}],"author":[{"embeddable":true,"href":"https:\/\/ccpdq.gob.ec\/index.php\/wp-json\/wp\/v2\/users\/1"}],"replies":[{"embeddable":true,"href":"https:\/\/ccpdq.gob.ec\/index.php\/wp-json\/wp\/v2\/comments?post=9779"}],"version-history":[{"count":1,"href":"https:\/\/ccpdq.gob.ec\/index.php\/wp-json\/wp\/v2\/posts\/9779\/revisions"}],"predecessor-version":[{"id":9781,"href":"https:\/\/ccpdq.gob.ec\/index.php\/wp-json\/wp\/v2\/posts\/9779\/revisions\/9781"}],"wp:featuredmedia":[{"embeddable":true,"href":"https:\/\/ccpdq.gob.ec\/index.php\/wp-json\/wp\/v2\/media\/9780"}],"wp:attachment":[{"href":"https:\/\/ccpdq.gob.ec\/index.php\/wp-json\/wp\/v2\/media?parent=9779"}],"wp:term":[{"taxonomy":"category","embeddable":true,"href":"https:\/\/ccpdq.gob.ec\/index.php\/wp-json\/wp\/v2\/categories?post=9779"},{"taxonomy":"post_tag","embeddable":true,"href":"https:\/\/ccpdq.gob.ec\/index.php\/wp-json\/wp\/v2\/tags?post=9779"}],"curies":[{"name":"wp","href":"https:\/\/api.w.org\/{rel}","templated":true}]}}