{"id":9809,"date":"2026-03-14T22:01:27","date_gmt":"2026-03-15T03:01:27","guid":{"rendered":"https:\/\/ccpdq.gob.ec\/?p=9809"},"modified":"2026-03-24T18:58:22","modified_gmt":"2026-03-24T23:58:22","slug":"trabajo-articulado-en-territorio","status":"publish","type":"post","link":"https:\/\/ccpdq.gob.ec\/index.php\/2026\/03\/14\/trabajo-articulado-en-territorio\/","title":{"rendered":"Trabajo articulado en territorio"},"content":{"rendered":"\n<figure class=\"wp-block-image size-large\"><img fetchpriority=\"high\" decoding=\"async\" width=\"1024\" height=\"768\" src=\"https:\/\/ccpdq.gob.ec\/wp-content\/uploads\/2026\/03\/0-6-1024x768.jpg\" alt=\"\" class=\"wp-image-9810\" srcset=\"https:\/\/ccpdq.gob.ec\/wp-content\/uploads\/2026\/03\/0-6-1024x768.jpg 1024w, https:\/\/ccpdq.gob.ec\/wp-content\/uploads\/2026\/03\/0-6-300x225.jpg 300w, https:\/\/ccpdq.gob.ec\/wp-content\/uploads\/2026\/03\/0-6-768x576.jpg 768w, https:\/\/ccpdq.gob.ec\/wp-content\/uploads\/2026\/03\/0-6-1536x1152.jpg 1536w, https:\/\/ccpdq.gob.ec\/wp-content\/uploads\/2026\/03\/0-6.jpg 1600w\" sizes=\"(max-width: 1024px) 100vw, 1024px\" \/><\/figure>\n\n\n\n<p>El Consejo Cantonal de Protecci\u00f3n de Derechos, bajo la gesti\u00f3n del Abg. Ney Agust\u00edn Vilela Reina, secretario ejecutivo, en coordinaci\u00f3n con la psic\u00f3loga de la Junta Cantonal de Protecci\u00f3n de Derechos de Quinind\u00e9 y la Tenencia Pol\u00edtica de la parroquia Viche, realiz\u00f3 el abordaje y seguimiento de un presunto caso de vulneraci\u00f3n de derechos de una persona adulta mayor, en el sector Palma Real.<\/p>\n\n\n\n<p>Esta intervenci\u00f3n forma parte de las acciones institucionales orientadas a la atenci\u00f3n oportuna y la restituci\u00f3n de derechos, reafirmando el compromiso de proteger a los grupos de atenci\u00f3n prioritaria en todo el territorio cantonal.<\/p>\n\n\n\n<figure class=\"wp-block-gallery has-nested-images columns-default is-cropped wp-block-gallery-1 is-layout-flex wp-block-gallery-is-layout-flex\">\n<figure class=\"wp-block-image size-large\"><img decoding=\"async\" width=\"1024\" height=\"768\" data-id=\"9811\" src=\"https:\/\/ccpdq.gob.ec\/wp-content\/uploads\/2026\/03\/1-15-1024x768.jpg\" alt=\"\" class=\"wp-image-9811\" srcset=\"https:\/\/ccpdq.gob.ec\/wp-content\/uploads\/2026\/03\/1-15-1024x768.jpg 1024w, https:\/\/ccpdq.gob.ec\/wp-content\/uploads\/2026\/03\/1-15-300x225.jpg 300w, https:\/\/ccpdq.gob.ec\/wp-content\/uploads\/2026\/03\/1-15-768x576.jpg 768w, https:\/\/ccpdq.gob.ec\/wp-content\/uploads\/2026\/03\/1-15-1536x1152.jpg 1536w, https:\/\/ccpdq.gob.ec\/wp-content\/uploads\/2026\/03\/1-15.jpg 1600w\" sizes=\"(max-width: 1024px) 100vw, 1024px\" \/><\/figure>\n\n\n\n<figure class=\"wp-block-image size-large\"><img decoding=\"async\" width=\"1024\" height=\"768\" data-id=\"9812\" src=\"https:\/\/ccpdq.gob.ec\/wp-content\/uploads\/2026\/03\/2-14-1024x768.jpg\" alt=\"\" class=\"wp-image-9812\" srcset=\"https:\/\/ccpdq.gob.ec\/wp-content\/uploads\/2026\/03\/2-14-1024x768.jpg 1024w, https:\/\/ccpdq.gob.ec\/wp-content\/uploads\/2026\/03\/2-14-300x225.jpg 300w, https:\/\/ccpdq.gob.ec\/wp-content\/uploads\/2026\/03\/2-14-768x576.jpg 768w, https:\/\/ccpdq.gob.ec\/wp-content\/uploads\/2026\/03\/2-14-1536x1152.jpg 1536w, https:\/\/ccpdq.gob.ec\/wp-content\/uploads\/2026\/03\/2-14.jpg 1600w\" sizes=\"(max-width: 1024px) 100vw, 1024px\" \/><\/figure>\n\n\n\n<figure class=\"wp-block-image size-large\"><img loading=\"lazy\" decoding=\"async\" width=\"1024\" height=\"768\" data-id=\"9813\" src=\"https:\/\/ccpdq.gob.ec\/wp-content\/uploads\/2026\/03\/3-14-1024x768.jpg\" alt=\"\" class=\"wp-image-9813\" srcset=\"https:\/\/ccpdq.gob.ec\/wp-content\/uploads\/2026\/03\/3-14-1024x768.jpg 1024w, https:\/\/ccpdq.gob.ec\/wp-content\/uploads\/2026\/03\/3-14-300x225.jpg 300w, https:\/\/ccpdq.gob.ec\/wp-content\/uploads\/2026\/03\/3-14-768x576.jpg 768w, https:\/\/ccpdq.gob.ec\/wp-content\/uploads\/2026\/03\/3-14-1536x1152.jpg 1536w, https:\/\/ccpdq.gob.ec\/wp-content\/uploads\/2026\/03\/3-14.jpg 1600w\" sizes=\"(max-width: 1024px) 100vw, 1024px\" \/><\/figure>\n<\/figure>\n","protected":false},"excerpt":{"rendered":"<p>El Consejo Cantonal de Protecci\u00f3n de Derechos, bajo la gesti\u00f3n del Abg. Ney Agust\u00edn Vilela Reina, secretario ejecutivo, en coordinaci\u00f3n con la psic\u00f3loga de la Junta Cantonal de Protecci\u00f3n de Derechos de Quinind\u00e9 y la Tenencia Pol\u00edtica de la parroquia Viche, realiz\u00f3 el abordaje y seguimiento de un presunto caso de vulneraci\u00f3n de derechos de&#8230;<\/p>\n","protected":false},"author":1,"featured_media":9810,"comment_status":"open","ping_status":"closed","sticky":false,"template":"","format":"standard","meta":{"_monsterinsights_skip_tracking":false,"_monsterinsights_sitenote_active":false,"_monsterinsights_sitenote_note":"","_monsterinsights_sitenote_category":0,"_kad_post_transparent":"","_kad_post_title":"","_kad_post_layout":"","_kad_post_sidebar_id":"","_kad_post_content_style":"","_kad_post_vertical_padding":"","_kad_post_feature":"","_kad_post_feature_position":"","_kad_post_header":false,"_kad_post_footer":false,"footnotes":""},"categories":[1],"tags":[],"class_list":["post-9809","post","type-post","status-publish","format-standard","has-post-thumbnail","hentry","category-noticias"],"aioseo_notices":[],"brizy_media":[],"_links":{"self":[{"href":"https:\/\/ccpdq.gob.ec\/index.php\/wp-json\/wp\/v2\/posts\/9809","targetHints":{"allow":["GET"]}}],"collection":[{"href":"https:\/\/ccpdq.gob.ec\/index.php\/wp-json\/wp\/v2\/posts"}],"about":[{"href":"https:\/\/ccpdq.gob.ec\/index.php\/wp-json\/wp\/v2\/types\/post"}],"author":[{"embeddable":true,"href":"https:\/\/ccpdq.gob.ec\/index.php\/wp-json\/wp\/v2\/users\/1"}],"replies":[{"embeddable":true,"href":"https:\/\/ccpdq.gob.ec\/index.php\/wp-json\/wp\/v2\/comments?post=9809"}],"version-history":[{"count":1,"href":"https:\/\/ccpdq.gob.ec\/index.php\/wp-json\/wp\/v2\/posts\/9809\/revisions"}],"predecessor-version":[{"id":9814,"href":"https:\/\/ccpdq.gob.ec\/index.php\/wp-json\/wp\/v2\/posts\/9809\/revisions\/9814"}],"wp:featuredmedia":[{"embeddable":true,"href":"https:\/\/ccpdq.gob.ec\/index.php\/wp-json\/wp\/v2\/media\/9810"}],"wp:attachment":[{"href":"https:\/\/ccpdq.gob.ec\/index.php\/wp-json\/wp\/v2\/media?parent=9809"}],"wp:term":[{"taxonomy":"category","embeddable":true,"href":"https:\/\/ccpdq.gob.ec\/index.php\/wp-json\/wp\/v2\/categories?post=9809"},{"taxonomy":"post_tag","embeddable":true,"href":"https:\/\/ccpdq.gob.ec\/index.php\/wp-json\/wp\/v2\/tags?post=9809"}],"curies":[{"name":"wp","href":"https:\/\/api.w.org\/{rel}","templated":true}]}}