{"id":9916,"date":"2026-03-14T22:20:17","date_gmt":"2026-03-15T03:20:17","guid":{"rendered":"https:\/\/ccpdq.gob.ec\/?p=9916"},"modified":"2026-03-24T10:19:31","modified_gmt":"2026-03-24T15:19:31","slug":"participacion-institucional-por-la-transparencia-y-los-derechos-de-las-mujeres","status":"publish","type":"post","link":"https:\/\/ccpdq.gob.ec\/index.php\/2026\/03\/14\/participacion-institucional-por-la-transparencia-y-los-derechos-de-las-mujeres\/","title":{"rendered":"Participaci\u00f3n institucional por la transparencia y los derechos de las mujeres"},"content":{"rendered":"\n<p>El Consejo Cantonal de Protecci\u00f3n de Derechos particip\u00f3 en el conversatorio virtual \u201cTransparencia y acceso a la informaci\u00f3n p\u00fablica: una mirada desde las mujeres\u201d, desarrollado en el marco de las Semanas de la Transparencia 2026 y la conmemoraci\u00f3n del D\u00eda Internacional de la Mujer, evento organizado por la Defensor\u00eda del Pueblo.<\/p>\n\n\n\n<p>Este espacio permiti\u00f3 reflexionar sobre la importancia de la transparencia, el acceso a la informaci\u00f3n p\u00fablica y el fortalecimiento de la participaci\u00f3n de las mujeres en los procesos democr\u00e1ticos.<\/p>\n\n\n\n<p>Desde el Consejo reafirmamos nuestro compromiso de continuar promoviendo una gesti\u00f3n transparente, inclusiva y con enfoque de derechos, que fortalezca la participaci\u00f3n ciudadana y la igualdad de oportunidades para las mujeres.<\/p>\n\n\n\n<figure class=\"wp-block-gallery has-nested-images columns-default is-cropped wp-block-gallery-1 is-layout-flex wp-block-gallery-is-layout-flex\">\n<figure class=\"wp-block-image size-large\"><img fetchpriority=\"high\" decoding=\"async\" width=\"1024\" height=\"768\" data-id=\"9918\" src=\"https:\/\/ccpdq.gob.ec\/wp-content\/uploads\/2026\/03\/0-13-1024x768.jpg\" alt=\"\" class=\"wp-image-9918\" srcset=\"https:\/\/ccpdq.gob.ec\/wp-content\/uploads\/2026\/03\/0-13-1024x768.jpg 1024w, https:\/\/ccpdq.gob.ec\/wp-content\/uploads\/2026\/03\/0-13-300x225.jpg 300w, https:\/\/ccpdq.gob.ec\/wp-content\/uploads\/2026\/03\/0-13-768x576.jpg 768w, https:\/\/ccpdq.gob.ec\/wp-content\/uploads\/2026\/03\/0-13-1536x1152.jpg 1536w, https:\/\/ccpdq.gob.ec\/wp-content\/uploads\/2026\/03\/0-13.jpg 1600w\" sizes=\"(max-width: 1024px) 100vw, 1024px\" \/><\/figure>\n<\/figure>\n\n\n\n<figure class=\"wp-block-image size-large\"><img decoding=\"async\" width=\"1024\" height=\"768\" src=\"https:\/\/ccpdq.gob.ec\/wp-content\/uploads\/2026\/03\/1-27-1024x768.jpg\" alt=\"\" class=\"wp-image-9919\" srcset=\"https:\/\/ccpdq.gob.ec\/wp-content\/uploads\/2026\/03\/1-27-1024x768.jpg 1024w, https:\/\/ccpdq.gob.ec\/wp-content\/uploads\/2026\/03\/1-27-300x225.jpg 300w, https:\/\/ccpdq.gob.ec\/wp-content\/uploads\/2026\/03\/1-27-768x576.jpg 768w, https:\/\/ccpdq.gob.ec\/wp-content\/uploads\/2026\/03\/1-27-1536x1152.jpg 1536w, https:\/\/ccpdq.gob.ec\/wp-content\/uploads\/2026\/03\/1-27.jpg 1600w\" sizes=\"(max-width: 1024px) 100vw, 1024px\" \/><\/figure>\n","protected":false},"excerpt":{"rendered":"<p>El Consejo Cantonal de Protecci\u00f3n de Derechos particip\u00f3 en el conversatorio virtual \u201cTransparencia y acceso a la informaci\u00f3n p\u00fablica: una mirada desde las mujeres\u201d, desarrollado en el marco de las Semanas de la Transparencia 2026 y la conmemoraci\u00f3n del D\u00eda Internacional de la Mujer, evento organizado por la Defensor\u00eda del Pueblo. Este espacio permiti\u00f3 reflexionar&#8230;<\/p>\n","protected":false},"author":1,"featured_media":9918,"comment_status":"open","ping_status":"closed","sticky":false,"template":"","format":"standard","meta":{"_monsterinsights_skip_tracking":false,"_monsterinsights_sitenote_active":false,"_monsterinsights_sitenote_note":"","_monsterinsights_sitenote_category":0,"_kad_post_transparent":"","_kad_post_title":"","_kad_post_layout":"","_kad_post_sidebar_id":"","_kad_post_content_style":"","_kad_post_vertical_padding":"","_kad_post_feature":"","_kad_post_feature_position":"","_kad_post_header":false,"_kad_post_footer":false,"footnotes":""},"categories":[1],"tags":[],"class_list":["post-9916","post","type-post","status-publish","format-standard","has-post-thumbnail","hentry","category-noticias"],"aioseo_notices":[],"brizy_media":[],"_links":{"self":[{"href":"https:\/\/ccpdq.gob.ec\/index.php\/wp-json\/wp\/v2\/posts\/9916","targetHints":{"allow":["GET"]}}],"collection":[{"href":"https:\/\/ccpdq.gob.ec\/index.php\/wp-json\/wp\/v2\/posts"}],"about":[{"href":"https:\/\/ccpdq.gob.ec\/index.php\/wp-json\/wp\/v2\/types\/post"}],"author":[{"embeddable":true,"href":"https:\/\/ccpdq.gob.ec\/index.php\/wp-json\/wp\/v2\/users\/1"}],"replies":[{"embeddable":true,"href":"https:\/\/ccpdq.gob.ec\/index.php\/wp-json\/wp\/v2\/comments?post=9916"}],"version-history":[{"count":1,"href":"https:\/\/ccpdq.gob.ec\/index.php\/wp-json\/wp\/v2\/posts\/9916\/revisions"}],"predecessor-version":[{"id":9920,"href":"https:\/\/ccpdq.gob.ec\/index.php\/wp-json\/wp\/v2\/posts\/9916\/revisions\/9920"}],"wp:featuredmedia":[{"embeddable":true,"href":"https:\/\/ccpdq.gob.ec\/index.php\/wp-json\/wp\/v2\/media\/9918"}],"wp:attachment":[{"href":"https:\/\/ccpdq.gob.ec\/index.php\/wp-json\/wp\/v2\/media?parent=9916"}],"wp:term":[{"taxonomy":"category","embeddable":true,"href":"https:\/\/ccpdq.gob.ec\/index.php\/wp-json\/wp\/v2\/categories?post=9916"},{"taxonomy":"post_tag","embeddable":true,"href":"https:\/\/ccpdq.gob.ec\/index.php\/wp-json\/wp\/v2\/tags?post=9916"}],"curies":[{"name":"wp","href":"https:\/\/api.w.org\/{rel}","templated":true}]}}